{"id":8220,"date":"2023-12-18T21:16:50","date_gmt":"2023-12-18T21:16:50","guid":{"rendered":"http:\/\/www.spkatarzyna.pl\/?p=8220"},"modified":"2023-12-20T23:18:53","modified_gmt":"2023-12-20T23:18:53","slug":"wyniki-w-konkursie-deptaki","status":"publish","type":"post","link":"https:\/\/www.spkatarzyna.pl\/index.php\/2023\/12\/18\/wyniki-w-konkursie-deptaki\/","title":{"rendered":"Wyniki w Konkursie &#8222;Deptaki&#8221;"},"content":{"rendered":"\t\t<div data-elementor-type=\"wp-post\" data-elementor-id=\"8220\" class=\"elementor elementor-8220\">\n\t\t\t\t\t\t<section class=\"elementor-section elementor-top-section elementor-element elementor-element-225abc49 elementor-section-boxed elementor-section-height-default elementor-section-height-default\" data-id=\"225abc49\" data-element_type=\"section\">\n\t\t\t\t\t\t<div class=\"elementor-container elementor-column-gap-default\">\n\t\t\t\t\t<div class=\"elementor-column elementor-col-100 elementor-top-column elementor-element elementor-element-244919ce\" data-id=\"244919ce\" data-element_type=\"column\">\n\t\t\t<div class=\"elementor-widget-wrap elementor-element-populated\">\n\t\t\t\t\t\t<div class=\"elementor-element elementor-element-5c56c23d elementor-widget elementor-widget-text-editor\" data-id=\"5c56c23d\" data-element_type=\"widget\" data-widget_type=\"text-editor.default\">\n\t\t\t\t\t\t\t\t\t<p style=\"text-align: justify;\"><span style=\"color: #000000; font-size: 14pt;\">Z rado\u015bci\u0105 informujemy, \u017ce uczniowie naszej szko\u0142y zdobyli wiele nagr\u00f3d w Powiatowym Konkursie Poetyckim &#8222;Deptaki&#8221;.<\/span><\/p><p><span style=\"text-decoration: underline;\"><span style=\"color: #000000; font-size: 14pt; text-decoration: underline;\">W kategorii klasy 4-6:<\/span><\/span><br \/><span style=\"color: #000000; font-size: 14pt;\">Weronika Jancyk &#8211; 2 miejsce (klasa 5b)<\/span><br \/><span style=\"color: #000000; font-size: 14pt;\">Nicolas Vandak &#8211; wyr\u00f3\u017cnienie (klasa 5b)<\/span><br \/><span style=\"color: #000000; font-size: 14pt;\">Jakub Herbu\u015b &#8211; wyr\u00f3\u017cnienie (klasa 5b)<\/span><br \/><span style=\"color: #000000; font-size: 14pt;\">Bianka Gawin &#8211; wyr\u00f3\u017cnienie (klasa 5b).<\/span><\/p><p><span style=\"text-decoration: underline;\"><span style=\"color: #000000; font-size: 14pt; text-decoration: underline;\">W kategorii klasy 7 -8:<\/span><\/span><br \/><span style=\"color: #000000; font-size: 14pt;\">Miko\u0142aj Kurylczyk &#8211; (klasa 7b).<\/span><\/p><p style=\"text-align: right;\"><span style=\"color: #000000; font-size: 14pt;\">Gratulujemy!<\/span><br \/><span style=\"color: #000000; font-size: 14pt;\">Zesp\u00f3\u0142 Polonist\u00f3w<\/span><\/p>\t\t\t\t\t\t\t\t<\/div>\n\t\t\t\t\t<\/div>\n\t\t<\/div>\n\t\t\t\t\t<\/div>\n\t\t<\/section>\n\t\t\t\t<section class=\"elementor-section elementor-top-section elementor-element elementor-element-f483f48 elementor-section-boxed elementor-section-height-default elementor-section-height-default\" data-id=\"f483f48\" data-element_type=\"section\">\n\t\t\t\t\t\t<div class=\"elementor-container elementor-column-gap-default\">\n\t\t\t\t\t<div class=\"elementor-column elementor-col-100 elementor-top-column elementor-element elementor-element-a343d5b\" data-id=\"a343d5b\" data-element_type=\"column\">\n\t\t\t<div class=\"elementor-widget-wrap elementor-element-populated\">\n\t\t\t\t\t\t<div class=\"elementor-element elementor-element-e9810f7 elementor-widget elementor-widget-image-gallery\" data-id=\"e9810f7\" data-element_type=\"widget\" data-widget_type=\"image-gallery.default\">\n\t\t\t\t\t\t\t<div class=\"elementor-image-gallery\">\n\t\t\t\n\t\t<div id='gallery-1' class='gallery galleryid-8220 gallery-columns-4 gallery-size-thumbnail gallery1'><script type=\"text\/javascript\">\n\/\/ <![CDATA[\n\tjQuery(document).ready(function () {\n\t\tjQuery(\".gallery1 a\").attr(\"rel\",\"gallery1\");\t\n\t\tjQuery('a[rel=\"gallery1\"]').colorbox({title: function(){ return jQuery(this).children().attr(\"alt\"); }});\n\t});\n\/\/ ]]>\n<\/script>\n<dl class=\"gallery-item\">\n<dt class=\"gallery-icon\">\n<a href=\"https:\/\/www.spkatarzyna.pl\/wp-content\/uploads\/2023\/12\/zdje\u0328cia-z-wycieczki-2-300x169.jpg\" title=\"\" rel=\"gallery1\" rel=\"lightbox[8220]\"><img decoding=\"async\" src=\"https:\/\/www.spkatarzyna.pl\/wp-content\/uploads\/2023\/12\/zdje\u0328cia-z-wycieczki-2-150x150.jpg\" width=\"150\" height=\"150\" alt=\"\" \/><\/a>\n<\/dt><\/dl><dl class=\"gallery-item\">\n<dt class=\"gallery-icon\">\n<a href=\"https:\/\/www.spkatarzyna.pl\/wp-content\/uploads\/2023\/12\/zdje\u0328cia-z-wycieczki-2-1-300x169.jpg\" title=\"\" rel=\"gallery1\" rel=\"lightbox[8220]\"><img decoding=\"async\" src=\"https:\/\/www.spkatarzyna.pl\/wp-content\/uploads\/2023\/12\/zdje\u0328cia-z-wycieczki-2-1-150x150.jpg\" width=\"150\" height=\"150\" alt=\"\" \/><\/a>\n<\/dt><\/dl><dl class=\"gallery-item\">\n<dt class=\"gallery-icon\">\n<a href=\"https:\/\/www.spkatarzyna.pl\/wp-content\/uploads\/2023\/12\/zdje\u0328cia-z-wycieczki-3-1-300x169.jpg\" title=\"\" rel=\"gallery1\" rel=\"lightbox[8220]\"><img decoding=\"async\" src=\"https:\/\/www.spkatarzyna.pl\/wp-content\/uploads\/2023\/12\/zdje\u0328cia-z-wycieczki-3-1-150x150.jpg\" width=\"150\" height=\"150\" alt=\"\" \/><\/a>\n<\/dt><\/dl><dl class=\"gallery-item\">\n<dt class=\"gallery-icon\">\n<a href=\"https:\/\/www.spkatarzyna.pl\/wp-content\/uploads\/2023\/12\/zdje\u0328cia-z-wycieczki-4-300x169.jpg\" title=\"\" rel=\"gallery1\" rel=\"lightbox[8220]\"><img loading=\"lazy\" decoding=\"async\" src=\"https:\/\/www.spkatarzyna.pl\/wp-content\/uploads\/2023\/12\/zdje\u0328cia-z-wycieczki-4-150x150.jpg\" width=\"150\" height=\"150\" alt=\"\" \/><\/a>\n<\/dt><\/dl><br style=\"clear: both\" \/><br style=\"clear: both\" \/><\/div>\t\t<\/div>\n\t\t\t\t\t\t<\/div>\n\t\t\t\t\t<\/div>\n\t\t<\/div>\n\t\t\t\t\t<\/div>\n\t\t<\/section>\n\t\t\t\t<\/div>\n\t\t","protected":false},"excerpt":{"rendered":"<p>Z rado\u015bci\u0105 informujemy, \u017ce uczniowie naszej szko\u0142y zdobyli wiele nagr\u00f3d w Powiatowym Konkursie Poetyckim &#8222;Deptaki&#8221;. W kategorii klasy 4-6:Weronika Jancyk &#8211; 2 miejsce (klasa 5b)Nicolas Vandak &#8211; wyr\u00f3\u017cnienie (klasa 5b)Jakub Herbu\u015b &#8211; wyr\u00f3\u017cnienie (klasa 5b)Bianka Gawin &#8211; wyr\u00f3\u017cnienie (klasa 5b). W kategorii klasy 7 -8:Miko\u0142aj Kurylczyk &#8211; (klasa 7b). Gratulujemy!Zesp\u00f3\u0142 [&hellip;]<\/p>\n","protected":false},"author":6,"featured_media":8223,"comment_status":"open","ping_status":"open","sticky":false,"template":"","format":"standard","meta":{"om_disable_all_campaigns":false,"_monsterinsights_skip_tracking":false,"ngg_post_thumbnail":0,"footnotes":""},"categories":[1],"tags":[],"class_list":["post-8220","post","type-post","status-publish","format-standard","has-post-thumbnail","hentry","category-uncategorized"],"aioseo_notices":[],"aioseo_head":"\n\t\t<!-- All in One SEO 5.0.1.1 - aioseo.com -->\n\t<meta name=\"description\" content=\"Z rado\u015bci\u0105 informujemy, \u017ce uczniowie naszej szko\u0142y zdobyli wiele nagr\u00f3d w Powiatowym Konkursie Poetyckim \u201eDeptaki\u201d.W kategorii klasy 4-6:Weronika Jancyk \u2013 2 miejsce (klasa 5b)Nicolas Vandak \u2013 wyr\u00f3\u017cnienie (klasa 5b)Jakub Herbu\u015b \u2013 wyr\u00f3\u017cnienie (klasa 5b)Bianka Gawin \u2013 wyr\u00f3\u017cnienie (klasa 5b).W kategorii klasy 7 -8:Miko\u0142aj Kurylczyk \u2013 (klasa 7b).Gratulujemy!Zesp\u00f3\u0142 Polonist\u00f3w\" \/>\n\t<meta name=\"robots\" content=\"max-image-preview:large\" \/>\n\t<meta name=\"author\" content=\"Redakcja\"\/>\n\t<link rel=\"canonical\" href=\"https:\/\/www.spkatarzyna.pl\/index.php\/2023\/12\/18\/wyniki-w-konkursie-deptaki\/\" \/>\n\t<meta name=\"generator\" content=\"All in One SEO (AIOSEO) 5.0.1.1\" \/>\n\t\t<meta property=\"og:locale\" content=\"pl_PL\" \/>\n\t\t<meta property=\"og:site_name\" content=\"SP Katarzyna - Publiczna Szko\u0142a Podstawowa w \u015awi\u0119tej Katarzynie\" \/>\n\t\t<meta property=\"og:type\" content=\"article\" \/>\n\t\t<meta property=\"og:title\" content=\"Wyniki w Konkursie \u201eDeptaki\u201d - SP Katarzyna\" \/>\n\t\t<meta property=\"og:description\" content=\"Z rado\u015bci\u0105 informujemy, \u017ce uczniowie naszej szko\u0142y zdobyli wiele nagr\u00f3d w Powiatowym Konkursie Poetyckim \u201eDeptaki\u201d.W kategorii klasy 4-6:Weronika Jancyk \u2013 2 miejsce (klasa 5b)Nicolas Vandak \u2013 wyr\u00f3\u017cnienie (klasa 5b)Jakub Herbu\u015b \u2013 wyr\u00f3\u017cnienie (klasa 5b)Bianka Gawin \u2013 wyr\u00f3\u017cnienie (klasa 5b).W kategorii klasy 7 -8:Miko\u0142aj Kurylczyk \u2013 (klasa 7b).Gratulujemy!Zesp\u00f3\u0142 Polonist\u00f3w\" \/>\n\t\t<meta property=\"og:url\" content=\"https:\/\/www.spkatarzyna.pl\/index.php\/2023\/12\/18\/wyniki-w-konkursie-deptaki\/\" \/>\n\t\t<meta property=\"article:published_time\" content=\"2023-12-18T21:16:50+00:00\" \/>\n\t\t<meta property=\"article:modified_time\" content=\"2023-12-20T23:18:53+00:00\" \/>\n\t\t<meta name=\"twitter:card\" content=\"summary_large_image\" \/>\n\t\t<meta name=\"twitter:title\" content=\"Wyniki w Konkursie \u201eDeptaki\u201d - SP Katarzyna\" \/>\n\t\t<meta name=\"twitter:description\" content=\"Z rado\u015bci\u0105 informujemy, \u017ce uczniowie naszej szko\u0142y zdobyli wiele nagr\u00f3d w Powiatowym Konkursie Poetyckim \u201eDeptaki\u201d.W kategorii klasy 4-6:Weronika Jancyk \u2013 2 miejsce (klasa 5b)Nicolas Vandak \u2013 wyr\u00f3\u017cnienie (klasa 5b)Jakub Herbu\u015b \u2013 wyr\u00f3\u017cnienie (klasa 5b)Bianka Gawin \u2013 wyr\u00f3\u017cnienie (klasa 5b).W kategorii klasy 7 -8:Miko\u0142aj Kurylczyk \u2013 (klasa 7b).Gratulujemy!Zesp\u00f3\u0142 Polonist\u00f3w\" \/>\n\t\t<script type=\"application\/ld+json\" class=\"aioseo-schema\">\n\t\t\t{\"@context\":\"https:\\\/\\\/schema.org\",\"@graph\":[{\"@type\":\"BlogPosting\",\"@id\":\"https:\\\/\\\/www.spkatarzyna.pl\\\/index.php\\\/2023\\\/12\\\/18\\\/wyniki-w-konkursie-deptaki\\\/#blogposting\",\"name\":\"Wyniki w Konkursie \\u201eDeptaki\\u201d - SP Katarzyna\",\"headline\":\"Wyniki w Konkursie &#8222;Deptaki&#8221;\",\"author\":{\"@id\":\"https:\\\/\\\/www.spkatarzyna.pl\\\/index.php\\\/author\\\/agatasafianspkatarzyna-pl\\\/#author\"},\"publisher\":{\"@id\":\"https:\\\/\\\/www.spkatarzyna.pl\\\/#organization\"},\"image\":{\"@type\":\"ImageObject\",\"url\":\"https:\\\/\\\/www.spkatarzyna.pl\\\/wp-content\\\/uploads\\\/2023\\\/12\\\/part000001-2.jpg\",\"width\":360,\"height\":202},\"datePublished\":\"2023-12-18T21:16:50+01:00\",\"dateModified\":\"2023-12-20T23:18:53+01:00\",\"inLanguage\":\"pl-PL\",\"mainEntityOfPage\":{\"@id\":\"https:\\\/\\\/www.spkatarzyna.pl\\\/index.php\\\/2023\\\/12\\\/18\\\/wyniki-w-konkursie-deptaki\\\/#webpage\"},\"isPartOf\":{\"@id\":\"https:\\\/\\\/www.spkatarzyna.pl\\\/index.php\\\/2023\\\/12\\\/18\\\/wyniki-w-konkursie-deptaki\\\/#webpage\"},\"articleSection\":\"Uncategorized\"},{\"@type\":\"BreadcrumbList\",\"@id\":\"https:\\\/\\\/www.spkatarzyna.pl\\\/index.php\\\/2023\\\/12\\\/18\\\/wyniki-w-konkursie-deptaki\\\/#breadcrumblist\",\"itemListElement\":[{\"@type\":\"ListItem\",\"@id\":\"https:\\\/\\\/www.spkatarzyna.pl#listItem\",\"position\":1,\"name\":\"Dom\",\"item\":\"https:\\\/\\\/www.spkatarzyna.pl\",\"nextItem\":{\"@type\":\"ListItem\",\"@id\":\"https:\\\/\\\/www.spkatarzyna.pl\\\/index.php\\\/category\\\/uncategorized\\\/#listItem\",\"name\":\"Uncategorized\"}},{\"@type\":\"ListItem\",\"@id\":\"https:\\\/\\\/www.spkatarzyna.pl\\\/index.php\\\/category\\\/uncategorized\\\/#listItem\",\"position\":2,\"name\":\"Uncategorized\",\"item\":\"https:\\\/\\\/www.spkatarzyna.pl\\\/index.php\\\/category\\\/uncategorized\\\/\",\"nextItem\":{\"@type\":\"ListItem\",\"@id\":\"https:\\\/\\\/www.spkatarzyna.pl\\\/index.php\\\/2023\\\/12\\\/18\\\/wyniki-w-konkursie-deptaki\\\/#listItem\",\"name\":\"Wyniki w Konkursie &#8222;Deptaki&#8221;\"},\"previousItem\":{\"@type\":\"ListItem\",\"@id\":\"https:\\\/\\\/www.spkatarzyna.pl#listItem\",\"name\":\"Dom\"}},{\"@type\":\"ListItem\",\"@id\":\"https:\\\/\\\/www.spkatarzyna.pl\\\/index.php\\\/2023\\\/12\\\/18\\\/wyniki-w-konkursie-deptaki\\\/#listItem\",\"position\":3,\"name\":\"Wyniki w Konkursie &#8222;Deptaki&#8221;\",\"previousItem\":{\"@type\":\"ListItem\",\"@id\":\"https:\\\/\\\/www.spkatarzyna.pl\\\/index.php\\\/category\\\/uncategorized\\\/#listItem\",\"name\":\"Uncategorized\"}}]},{\"@type\":\"Organization\",\"@id\":\"https:\\\/\\\/www.spkatarzyna.pl\\\/#organization\",\"name\":\"SP Katarzyna\",\"description\":\"Publiczna Szko\\u0142a Podstawowa w \\u015awi\\u0119tej Katarzynie\",\"url\":\"https:\\\/\\\/www.spkatarzyna.pl\\\/\",\"telephone\":\"+48713116378\",\"sameAs\":[\"https:\\\/\\\/facebook.com\\\/\",\"https:\\\/\\\/x.com\\\/\",\"https:\\\/\\\/instagram.com\\\/\",\"https:\\\/\\\/pinterest.com\\\/\",\"https:\\\/\\\/youtube.com\\\/\",\"https:\\\/\\\/linkedin.com\\\/in\\\/\"]},{\"@type\":\"Person\",\"@id\":\"https:\\\/\\\/www.spkatarzyna.pl\\\/index.php\\\/author\\\/agatasafianspkatarzyna-pl\\\/#author\",\"url\":\"https:\\\/\\\/www.spkatarzyna.pl\\\/index.php\\\/author\\\/agatasafianspkatarzyna-pl\\\/\",\"name\":\"Redakcja\",\"image\":{\"@type\":\"ImageObject\",\"@id\":\"https:\\\/\\\/www.spkatarzyna.pl\\\/index.php\\\/2023\\\/12\\\/18\\\/wyniki-w-konkursie-deptaki\\\/#authorImage\",\"url\":\"https:\\\/\\\/secure.gravatar.com\\\/avatar\\\/765290513df94d442152250e92b42327?s=96&d=mm&r=g\",\"width\":96,\"height\":96,\"caption\":\"Redakcja\"}},{\"@type\":\"WebPage\",\"@id\":\"https:\\\/\\\/www.spkatarzyna.pl\\\/index.php\\\/2023\\\/12\\\/18\\\/wyniki-w-konkursie-deptaki\\\/#webpage\",\"url\":\"https:\\\/\\\/www.spkatarzyna.pl\\\/index.php\\\/2023\\\/12\\\/18\\\/wyniki-w-konkursie-deptaki\\\/\",\"name\":\"Wyniki w Konkursie \\u201eDeptaki\\u201d - SP Katarzyna\",\"description\":\"Z rado\\u015bci\\u0105 informujemy, \\u017ce uczniowie naszej szko\\u0142y zdobyli wiele nagr\\u00f3d w Powiatowym Konkursie Poetyckim \\u201eDeptaki\\u201d.W kategorii klasy 4-6:Weronika Jancyk \\u2013 2 miejsce (klasa 5b)Nicolas Vandak \\u2013 wyr\\u00f3\\u017cnienie (klasa 5b)Jakub Herbu\\u015b \\u2013 wyr\\u00f3\\u017cnienie (klasa 5b)Bianka Gawin \\u2013 wyr\\u00f3\\u017cnienie (klasa 5b).W kategorii klasy 7 -8:Miko\\u0142aj Kurylczyk \\u2013 (klasa 7b).Gratulujemy!Zesp\\u00f3\\u0142 Polonist\\u00f3w\",\"inLanguage\":\"pl-PL\",\"isPartOf\":{\"@id\":\"https:\\\/\\\/www.spkatarzyna.pl\\\/#website\"},\"breadcrumb\":{\"@id\":\"https:\\\/\\\/www.spkatarzyna.pl\\\/index.php\\\/2023\\\/12\\\/18\\\/wyniki-w-konkursie-deptaki\\\/#breadcrumblist\"},\"author\":{\"@id\":\"https:\\\/\\\/www.spkatarzyna.pl\\\/index.php\\\/author\\\/agatasafianspkatarzyna-pl\\\/#author\"},\"creator\":{\"@id\":\"https:\\\/\\\/www.spkatarzyna.pl\\\/index.php\\\/author\\\/agatasafianspkatarzyna-pl\\\/#author\"},\"image\":{\"@type\":\"ImageObject\",\"url\":\"https:\\\/\\\/www.spkatarzyna.pl\\\/wp-content\\\/uploads\\\/2023\\\/12\\\/part000001-2.jpg\",\"@id\":\"https:\\\/\\\/www.spkatarzyna.pl\\\/index.php\\\/2023\\\/12\\\/18\\\/wyniki-w-konkursie-deptaki\\\/#mainImage\",\"width\":360,\"height\":202},\"primaryImageOfPage\":{\"@id\":\"https:\\\/\\\/www.spkatarzyna.pl\\\/index.php\\\/2023\\\/12\\\/18\\\/wyniki-w-konkursie-deptaki\\\/#mainImage\"},\"datePublished\":\"2023-12-18T21:16:50+01:00\",\"dateModified\":\"2023-12-20T23:18:53+01:00\"},{\"@type\":\"WebSite\",\"@id\":\"https:\\\/\\\/www.spkatarzyna.pl\\\/#website\",\"url\":\"https:\\\/\\\/www.spkatarzyna.pl\\\/\",\"name\":\"SP Katarzyna\",\"description\":\"Publiczna Szko\\u0142a Podstawowa w \\u015awi\\u0119tej Katarzynie\",\"inLanguage\":\"pl-PL\",\"publisher\":{\"@id\":\"https:\\\/\\\/www.spkatarzyna.pl\\\/#organization\"}}]}\n\t\t<\/script>\n\t\t<!-- All in One SEO -->\n\n","aioseo_head_json":{"title":"Wyniki w Konkursie \u201eDeptaki\u201d - SP Katarzyna","description":"Z rado\u015bci\u0105 informujemy, \u017ce uczniowie naszej szko\u0142y zdobyli wiele nagr\u00f3d w Powiatowym Konkursie Poetyckim \u201eDeptaki\u201d.W kategorii klasy 4-6:Weronika Jancyk \u2013 2 miejsce (klasa 5b)Nicolas Vandak \u2013 wyr\u00f3\u017cnienie (klasa 5b)Jakub Herbu\u015b \u2013 wyr\u00f3\u017cnienie (klasa 5b)Bianka Gawin \u2013 wyr\u00f3\u017cnienie (klasa 5b).W kategorii klasy 7 -8:Miko\u0142aj Kurylczyk \u2013 (klasa 7b).Gratulujemy!Zesp\u00f3\u0142 Polonist\u00f3w","canonical_url":"https:\/\/www.spkatarzyna.pl\/index.php\/2023\/12\/18\/wyniki-w-konkursie-deptaki\/","robots":"max-image-preview:large","keywords":"","webmasterTools":{"miscellaneous":""},"schema":{"@context":"https:\/\/schema.org","@graph":[{"@type":"BlogPosting","@id":"https:\/\/www.spkatarzyna.pl\/index.php\/2023\/12\/18\/wyniki-w-konkursie-deptaki\/#blogposting","name":"Wyniki w Konkursie \u201eDeptaki\u201d - SP Katarzyna","headline":"Wyniki w Konkursie &#8222;Deptaki&#8221;","author":{"@id":"https:\/\/www.spkatarzyna.pl\/index.php\/author\/agatasafianspkatarzyna-pl\/#author"},"publisher":{"@id":"https:\/\/www.spkatarzyna.pl\/#organization"},"image":{"@type":"ImageObject","url":"https:\/\/www.spkatarzyna.pl\/wp-content\/uploads\/2023\/12\/part000001-2.jpg","width":360,"height":202},"datePublished":"2023-12-18T21:16:50+01:00","dateModified":"2023-12-20T23:18:53+01:00","inLanguage":"pl-PL","mainEntityOfPage":{"@id":"https:\/\/www.spkatarzyna.pl\/index.php\/2023\/12\/18\/wyniki-w-konkursie-deptaki\/#webpage"},"isPartOf":{"@id":"https:\/\/www.spkatarzyna.pl\/index.php\/2023\/12\/18\/wyniki-w-konkursie-deptaki\/#webpage"},"articleSection":"Uncategorized"},{"@type":"BreadcrumbList","@id":"https:\/\/www.spkatarzyna.pl\/index.php\/2023\/12\/18\/wyniki-w-konkursie-deptaki\/#breadcrumblist","itemListElement":[{"@type":"ListItem","@id":"https:\/\/www.spkatarzyna.pl#listItem","position":1,"name":"Dom","item":"https:\/\/www.spkatarzyna.pl","nextItem":{"@type":"ListItem","@id":"https:\/\/www.spkatarzyna.pl\/index.php\/category\/uncategorized\/#listItem","name":"Uncategorized"}},{"@type":"ListItem","@id":"https:\/\/www.spkatarzyna.pl\/index.php\/category\/uncategorized\/#listItem","position":2,"name":"Uncategorized","item":"https:\/\/www.spkatarzyna.pl\/index.php\/category\/uncategorized\/","nextItem":{"@type":"ListItem","@id":"https:\/\/www.spkatarzyna.pl\/index.php\/2023\/12\/18\/wyniki-w-konkursie-deptaki\/#listItem","name":"Wyniki w Konkursie &#8222;Deptaki&#8221;"},"previousItem":{"@type":"ListItem","@id":"https:\/\/www.spkatarzyna.pl#listItem","name":"Dom"}},{"@type":"ListItem","@id":"https:\/\/www.spkatarzyna.pl\/index.php\/2023\/12\/18\/wyniki-w-konkursie-deptaki\/#listItem","position":3,"name":"Wyniki w Konkursie &#8222;Deptaki&#8221;","previousItem":{"@type":"ListItem","@id":"https:\/\/www.spkatarzyna.pl\/index.php\/category\/uncategorized\/#listItem","name":"Uncategorized"}}]},{"@type":"Organization","@id":"https:\/\/www.spkatarzyna.pl\/#organization","name":"SP Katarzyna","description":"Publiczna Szko\u0142a Podstawowa w \u015awi\u0119tej Katarzynie","url":"https:\/\/www.spkatarzyna.pl\/","telephone":"+48713116378","sameAs":["https:\/\/facebook.com\/","https:\/\/x.com\/","https:\/\/instagram.com\/","https:\/\/pinterest.com\/","https:\/\/youtube.com\/","https:\/\/linkedin.com\/in\/"]},{"@type":"Person","@id":"https:\/\/www.spkatarzyna.pl\/index.php\/author\/agatasafianspkatarzyna-pl\/#author","url":"https:\/\/www.spkatarzyna.pl\/index.php\/author\/agatasafianspkatarzyna-pl\/","name":"Redakcja","image":{"@type":"ImageObject","@id":"https:\/\/www.spkatarzyna.pl\/index.php\/2023\/12\/18\/wyniki-w-konkursie-deptaki\/#authorImage","url":"https:\/\/secure.gravatar.com\/avatar\/765290513df94d442152250e92b42327?s=96&d=mm&r=g","width":96,"height":96,"caption":"Redakcja"}},{"@type":"WebPage","@id":"https:\/\/www.spkatarzyna.pl\/index.php\/2023\/12\/18\/wyniki-w-konkursie-deptaki\/#webpage","url":"https:\/\/www.spkatarzyna.pl\/index.php\/2023\/12\/18\/wyniki-w-konkursie-deptaki\/","name":"Wyniki w Konkursie \u201eDeptaki\u201d - SP Katarzyna","description":"Z rado\u015bci\u0105 informujemy, \u017ce uczniowie naszej szko\u0142y zdobyli wiele nagr\u00f3d w Powiatowym Konkursie Poetyckim \u201eDeptaki\u201d.W kategorii klasy 4-6:Weronika Jancyk \u2013 2 miejsce (klasa 5b)Nicolas Vandak \u2013 wyr\u00f3\u017cnienie (klasa 5b)Jakub Herbu\u015b \u2013 wyr\u00f3\u017cnienie (klasa 5b)Bianka Gawin \u2013 wyr\u00f3\u017cnienie (klasa 5b).W kategorii klasy 7 -8:Miko\u0142aj Kurylczyk \u2013 (klasa 7b).Gratulujemy!Zesp\u00f3\u0142 Polonist\u00f3w","inLanguage":"pl-PL","isPartOf":{"@id":"https:\/\/www.spkatarzyna.pl\/#website"},"breadcrumb":{"@id":"https:\/\/www.spkatarzyna.pl\/index.php\/2023\/12\/18\/wyniki-w-konkursie-deptaki\/#breadcrumblist"},"author":{"@id":"https:\/\/www.spkatarzyna.pl\/index.php\/author\/agatasafianspkatarzyna-pl\/#author"},"creator":{"@id":"https:\/\/www.spkatarzyna.pl\/index.php\/author\/agatasafianspkatarzyna-pl\/#author"},"image":{"@type":"ImageObject","url":"https:\/\/www.spkatarzyna.pl\/wp-content\/uploads\/2023\/12\/part000001-2.jpg","@id":"https:\/\/www.spkatarzyna.pl\/index.php\/2023\/12\/18\/wyniki-w-konkursie-deptaki\/#mainImage","width":360,"height":202},"primaryImageOfPage":{"@id":"https:\/\/www.spkatarzyna.pl\/index.php\/2023\/12\/18\/wyniki-w-konkursie-deptaki\/#mainImage"},"datePublished":"2023-12-18T21:16:50+01:00","dateModified":"2023-12-20T23:18:53+01:00"},{"@type":"WebSite","@id":"https:\/\/www.spkatarzyna.pl\/#website","url":"https:\/\/www.spkatarzyna.pl\/","name":"SP Katarzyna","description":"Publiczna Szko\u0142a Podstawowa w \u015awi\u0119tej Katarzynie","inLanguage":"pl-PL","publisher":{"@id":"https:\/\/www.spkatarzyna.pl\/#organization"}}]},"og:locale":"pl_PL","og:site_name":"SP Katarzyna - Publiczna Szko\u0142a Podstawowa w \u015awi\u0119tej Katarzynie","og:type":"article","og:title":"Wyniki w Konkursie \u201eDeptaki\u201d - SP Katarzyna","og:description":"Z rado\u015bci\u0105 informujemy, \u017ce uczniowie naszej szko\u0142y zdobyli wiele nagr\u00f3d w Powiatowym Konkursie Poetyckim \u201eDeptaki\u201d.W kategorii klasy 4-6:Weronika Jancyk \u2013 2 miejsce (klasa 5b)Nicolas Vandak \u2013 wyr\u00f3\u017cnienie (klasa 5b)Jakub Herbu\u015b \u2013 wyr\u00f3\u017cnienie (klasa 5b)Bianka Gawin \u2013 wyr\u00f3\u017cnienie (klasa 5b).W kategorii klasy 7 -8:Miko\u0142aj Kurylczyk \u2013 (klasa 7b).Gratulujemy!Zesp\u00f3\u0142 Polonist\u00f3w","og:url":"https:\/\/www.spkatarzyna.pl\/index.php\/2023\/12\/18\/wyniki-w-konkursie-deptaki\/","article:published_time":"2023-12-18T21:16:50+00:00","article:modified_time":"2023-12-20T23:18:53+00:00","twitter:card":"summary_large_image","twitter:title":"Wyniki w Konkursie \u201eDeptaki\u201d - SP Katarzyna","twitter:description":"Z rado\u015bci\u0105 informujemy, \u017ce uczniowie naszej szko\u0142y zdobyli wiele nagr\u00f3d w Powiatowym Konkursie Poetyckim \u201eDeptaki\u201d.W kategorii klasy 4-6:Weronika Jancyk \u2013 2 miejsce (klasa 5b)Nicolas Vandak \u2013 wyr\u00f3\u017cnienie (klasa 5b)Jakub Herbu\u015b \u2013 wyr\u00f3\u017cnienie (klasa 5b)Bianka Gawin \u2013 wyr\u00f3\u017cnienie (klasa 5b).W kategorii klasy 7 -8:Miko\u0142aj Kurylczyk \u2013 (klasa 7b).Gratulujemy!Zesp\u00f3\u0142 Polonist\u00f3w"},"aioseo_meta_data":{"post_id":"8220","title":null,"description":null,"keywords":null,"keyphrases":null,"primary_term":null,"canonical_url":null,"og_title":null,"og_description":null,"og_object_type":"default","og_image_type":"default","og_image_url":null,"og_image_width":null,"og_image_height":null,"og_image_custom_url":null,"og_image_custom_fields":null,"og_video":null,"og_custom_url":null,"og_article_section":null,"og_article_tags":null,"twitter_use_og":false,"twitter_card":"default","twitter_image_type":"default","twitter_image_url":null,"twitter_image_custom_url":null,"twitter_image_custom_fields":null,"twitter_title":null,"twitter_description":null,"schema":{"blockGraphs":[],"customGraphs":[],"default":{"data":{"Article":[],"Course":[],"Dataset":[],"FAQPage":[],"Movie":[],"Person":[],"Product":[],"ProductReview":[],"Car":[],"Recipe":[],"Service":[],"SoftwareApplication":[],"WebPage":[]},"graphName":"","isEnabled":true},"graphs":[]},"schema_type":"default","schema_type_options":null,"pillar_content":false,"robots_default":true,"robots_noindex":false,"robots_noarchive":false,"robots_nosnippet":false,"robots_nofollow":false,"robots_noimageindex":false,"robots_noodp":false,"robots_notranslate":false,"robots_max_snippet":null,"robots_max_videopreview":null,"robots_max_imagepreview":"large","priority":null,"frequency":null,"local_seo":null,"limit_modified_date":false,"created":"2024-04-03 08:43:07","updated":"2026-09-03 15:03:56","focus_keyword":null,"additional_keywords":null,"truseo_locale":null,"ai":null,"breadcrumb_settings":null,"seo_analyzer_scan_date":null},"aioseo_breadcrumb":"<div class=\"aioseo-breadcrumbs\"><span class=\"aioseo-breadcrumb\">\n\t\t\t<a href=\"https:\/\/www.spkatarzyna.pl\" title=\"Dom\">Dom<\/a>\n\t\t<\/span><span class=\"aioseo-breadcrumb-separator\">&raquo;<\/span><span class=\"aioseo-breadcrumb\">\n\t\t\t<a href=\"https:\/\/www.spkatarzyna.pl\/index.php\/category\/uncategorized\/\" title=\"Uncategorized\">Uncategorized<\/a>\n\t\t<\/span><span class=\"aioseo-breadcrumb-separator\">&raquo;<\/span><span class=\"aioseo-breadcrumb\">\n\t\t\tWyniki w Konkursie \u201eDeptaki\u201d\n\t\t<\/span><\/div>","aioseo_breadcrumb_json":[{"label":"Dom","link":"https:\/\/www.spkatarzyna.pl"},{"label":"Uncategorized","link":"https:\/\/www.spkatarzyna.pl\/index.php\/category\/uncategorized\/"},{"label":"Wyniki w Konkursie &#8222;Deptaki&#8221;","link":"https:\/\/www.spkatarzyna.pl\/index.php\/2023\/12\/18\/wyniki-w-konkursie-deptaki\/"}],"_links":{"self":[{"href":"https:\/\/www.spkatarzyna.pl\/index.php\/wp-json\/wp\/v2\/posts\/8220","targetHints":{"allow":["GET"]}}],"collection":[{"href":"https:\/\/www.spkatarzyna.pl\/index.php\/wp-json\/wp\/v2\/posts"}],"about":[{"href":"https:\/\/www.spkatarzyna.pl\/index.php\/wp-json\/wp\/v2\/types\/post"}],"author":[{"embeddable":true,"href":"https:\/\/www.spkatarzyna.pl\/index.php\/wp-json\/wp\/v2\/users\/6"}],"replies":[{"embeddable":true,"href":"https:\/\/www.spkatarzyna.pl\/index.php\/wp-json\/wp\/v2\/comments?post=8220"}],"version-history":[{"count":8,"href":"https:\/\/www.spkatarzyna.pl\/index.php\/wp-json\/wp\/v2\/posts\/8220\/revisions"}],"predecessor-version":[{"id":8260,"href":"https:\/\/www.spkatarzyna.pl\/index.php\/wp-json\/wp\/v2\/posts\/8220\/revisions\/8260"}],"wp:featuredmedia":[{"embeddable":true,"href":"https:\/\/www.spkatarzyna.pl\/index.php\/wp-json\/wp\/v2\/media\/8223"}],"wp:attachment":[{"href":"https:\/\/www.spkatarzyna.pl\/index.php\/wp-json\/wp\/v2\/media?parent=8220"}],"wp:term":[{"taxonomy":"category","embeddable":true,"href":"https:\/\/www.spkatarzyna.pl\/index.php\/wp-json\/wp\/v2\/categories?post=8220"},{"taxonomy":"post_tag","embeddable":true,"href":"https:\/\/www.spkatarzyna.pl\/index.php\/wp-json\/wp\/v2\/tags?post=8220"}],"curies":[{"name":"wp","href":"https:\/\/api.w.org\/{rel}","templated":true}]}}