{"id":8309,"date":"2023-12-21T15:00:03","date_gmt":"2023-12-21T15:00:03","guid":{"rendered":"http:\/\/www.spkatarzyna.pl\/?p=8309"},"modified":"2023-12-21T21:29:02","modified_gmt":"2023-12-21T21:29:02","slug":"jaselka-2","status":"publish","type":"post","link":"https:\/\/www.spkatarzyna.pl\/index.php\/2023\/12\/21\/jaselka-2\/","title":{"rendered":"Jase\u0142ka"},"content":{"rendered":"\t\t<div data-elementor-type=\"wp-post\" data-elementor-id=\"8309\" class=\"elementor elementor-8309\">\n\t\t\t\t\t\t<section class=\"elementor-section elementor-top-section elementor-element elementor-element-302df77d elementor-section-boxed elementor-section-height-default elementor-section-height-default\" data-id=\"302df77d\" data-element_type=\"section\">\n\t\t\t\t\t\t<div class=\"elementor-container elementor-column-gap-default\">\n\t\t\t\t\t<div class=\"elementor-column elementor-col-100 elementor-top-column elementor-element elementor-element-7175529b\" data-id=\"7175529b\" data-element_type=\"column\">\n\t\t\t<div class=\"elementor-widget-wrap elementor-element-populated\">\n\t\t\t\t\t\t<div class=\"elementor-element elementor-element-7df1d4ac elementor-widget elementor-widget-text-editor\" data-id=\"7df1d4ac\" data-element_type=\"widget\" data-widget_type=\"text-editor.default\">\n\t\t\t\t\t\t\t\t\t<p style=\"text-align: justify;\"><span style=\"font-weight: 400;\"><span style=\"font-size: 14pt; color: #000000;\">\u015awi\u0119ta Bo\u017cego Narodzenia to czas wyj\u0105tkowy, pe\u0142en serdeczno\u015bci i rado\u015bci. Tradycyjnie w naszej szkole zosta\u0142y wystawione jase\u0142ka. W dniu 21.12.23 r.\u00a0 wsp\u00f3lnie z uczniami uzdolnionymi wokalnie mieli\u015bmy okazj\u0119 nie tylko pos\u0142ucha\u0107, ale i po\u015bpiewa\u0107 znane kol\u0119dy i pi\u0119kne pastora\u0142ki. Refleksyjny, \u015bwi\u0105teczny nastr\u00f3j zosta\u0142 dodatkowo wzmocniony dzi\u0119ki przypomnieniu w kr\u00f3tkim przedstawieniu historii Narodzenia Pa\u0144skiego.<\/span><\/span><\/p>\t\t\t\t\t\t\t\t<\/div>\n\t\t\t\t<div class=\"elementor-element elementor-element-4c67e93 elementor-widget elementor-widget-video\" data-id=\"4c67e93\" data-element_type=\"widget\" data-settings=\"{&quot;youtube_url&quot;:&quot;https:\\\/\\\/www.youtube.com\\\/watch?feature=shared&amp;v=z-VI-bK1EDQ&quot;,&quot;video_type&quot;:&quot;youtube&quot;,&quot;controls&quot;:&quot;yes&quot;}\" data-widget_type=\"video.default\">\n\t\t\t\t\t\t\t<div class=\"elementor-wrapper elementor-open-inline\">\n\t\t\t<div class=\"elementor-video\"><\/div>\t\t<\/div>\n\t\t\t\t\t\t<\/div>\n\t\t\t\t<div class=\"elementor-element elementor-element-53f294a elementor-widget elementor-widget-image-gallery\" data-id=\"53f294a\" data-element_type=\"widget\" data-widget_type=\"image-gallery.default\">\n\t\t\t\t\t\t\t<div class=\"elementor-image-gallery\">\n\t\t\t\n\t\t<div id='gallery-1' class='gallery galleryid-8309 gallery-columns-5 gallery-size-thumbnail gallery1'><script type=\"text\/javascript\">\n\/\/ <![CDATA[\n\tjQuery(document).ready(function () {\n\t\tjQuery(\".gallery1 a\").attr(\"rel\",\"gallery1\");\t\n\t\tjQuery('a[rel=\"gallery1\"]').colorbox({title: function(){ return jQuery(this).children().attr(\"alt\"); }});\n\t});\n\/\/ ]]>\n<\/script>\n<dl class=\"gallery-item\">\n<dt class=\"gallery-icon\">\n<a href=\"https:\/\/www.spkatarzyna.pl\/wp-content\/uploads\/2023\/12\/IMG_5083-300x200.jpg\" title=\"\" rel=\"gallery1\" rel=\"lightbox[8309]\"><img decoding=\"async\" src=\"https:\/\/www.spkatarzyna.pl\/wp-content\/uploads\/2023\/12\/IMG_5083-150x150.jpg\" width=\"150\" height=\"150\" alt=\"\" \/><\/a>\n<\/dt><\/dl><dl class=\"gallery-item\">\n<dt class=\"gallery-icon\">\n<a href=\"https:\/\/www.spkatarzyna.pl\/wp-content\/uploads\/2023\/12\/0eb5264d-ea06-401b-9cb2-91dcff20d55c-300x225.jpg\" title=\"\" rel=\"gallery1\" rel=\"lightbox[8309]\"><img decoding=\"async\" src=\"https:\/\/www.spkatarzyna.pl\/wp-content\/uploads\/2023\/12\/0eb5264d-ea06-401b-9cb2-91dcff20d55c-150x150.jpg\" width=\"150\" height=\"150\" alt=\"\" \/><\/a>\n<\/dt><\/dl><dl class=\"gallery-item\">\n<dt class=\"gallery-icon\">\n<a href=\"https:\/\/www.spkatarzyna.pl\/wp-content\/uploads\/2023\/12\/IMG_5092-300x200.jpg\" title=\"\" rel=\"gallery1\" rel=\"lightbox[8309]\"><img decoding=\"async\" src=\"https:\/\/www.spkatarzyna.pl\/wp-content\/uploads\/2023\/12\/IMG_5092-150x150.jpg\" width=\"150\" height=\"150\" alt=\"\" \/><\/a>\n<\/dt><\/dl><dl class=\"gallery-item\">\n<dt class=\"gallery-icon\">\n<a href=\"https:\/\/www.spkatarzyna.pl\/wp-content\/uploads\/2023\/12\/02c11967-88ea-4e8a-90f9-1ab702183c02-300x225.jpg\" title=\"\" rel=\"gallery1\" rel=\"lightbox[8309]\"><img loading=\"lazy\" decoding=\"async\" src=\"https:\/\/www.spkatarzyna.pl\/wp-content\/uploads\/2023\/12\/02c11967-88ea-4e8a-90f9-1ab702183c02-150x150.jpg\" width=\"150\" height=\"150\" alt=\"\" \/><\/a>\n<\/dt><\/dl><dl class=\"gallery-item\">\n<dt class=\"gallery-icon\">\n<a href=\"https:\/\/www.spkatarzyna.pl\/wp-content\/uploads\/2023\/12\/2fed90fa-e377-4414-ab2d-478df8d27f7a-300x221.jpg\" title=\"\" rel=\"gallery1\" rel=\"lightbox[8309]\"><img loading=\"lazy\" decoding=\"async\" src=\"https:\/\/www.spkatarzyna.pl\/wp-content\/uploads\/2023\/12\/2fed90fa-e377-4414-ab2d-478df8d27f7a-150x150.jpg\" width=\"150\" height=\"150\" alt=\"\" \/><\/a>\n<\/dt><\/dl><br style=\"clear: both\" \/><dl class=\"gallery-item\">\n<dt class=\"gallery-icon\">\n<a href=\"https:\/\/www.spkatarzyna.pl\/wp-content\/uploads\/2023\/12\/6a904b11-dc5e-4128-89b3-b148aa38c1f6-300x226.jpg\" title=\"\" rel=\"gallery1\" rel=\"lightbox[8309]\"><img loading=\"lazy\" decoding=\"async\" src=\"https:\/\/www.spkatarzyna.pl\/wp-content\/uploads\/2023\/12\/6a904b11-dc5e-4128-89b3-b148aa38c1f6-150x150.jpg\" width=\"150\" height=\"150\" alt=\"\" \/><\/a>\n<\/dt><\/dl><dl class=\"gallery-item\">\n<dt class=\"gallery-icon\">\n<a href=\"https:\/\/www.spkatarzyna.pl\/wp-content\/uploads\/2023\/12\/8cf44edf-73b4-4569-9cd9-535972f717b4-300x227.jpg\" title=\"\" rel=\"gallery1\" rel=\"lightbox[8309]\"><img loading=\"lazy\" decoding=\"async\" src=\"https:\/\/www.spkatarzyna.pl\/wp-content\/uploads\/2023\/12\/8cf44edf-73b4-4569-9cd9-535972f717b4-150x150.jpg\" width=\"150\" height=\"150\" alt=\"\" \/><\/a>\n<\/dt><\/dl><dl class=\"gallery-item\">\n<dt class=\"gallery-icon\">\n<a href=\"https:\/\/www.spkatarzyna.pl\/wp-content\/uploads\/2023\/12\/9a8498ab-4dc2-4187-b6d0-bfa74c768638-300x217.jpg\" title=\"\" rel=\"gallery1\" rel=\"lightbox[8309]\"><img loading=\"lazy\" decoding=\"async\" src=\"https:\/\/www.spkatarzyna.pl\/wp-content\/uploads\/2023\/12\/9a8498ab-4dc2-4187-b6d0-bfa74c768638-150x150.jpg\" width=\"150\" height=\"150\" alt=\"\" \/><\/a>\n<\/dt><\/dl><dl class=\"gallery-item\">\n<dt class=\"gallery-icon\">\n<a href=\"https:\/\/www.spkatarzyna.pl\/wp-content\/uploads\/2023\/12\/226f1d17-8974-4bdd-b804-777d26f94b9d-300x225.jpg\" title=\"\" rel=\"gallery1\" rel=\"lightbox[8309]\"><img loading=\"lazy\" decoding=\"async\" src=\"https:\/\/www.spkatarzyna.pl\/wp-content\/uploads\/2023\/12\/226f1d17-8974-4bdd-b804-777d26f94b9d-150x150.jpg\" width=\"150\" height=\"150\" alt=\"\" \/><\/a>\n<\/dt><\/dl><dl class=\"gallery-item\">\n<dt class=\"gallery-icon\">\n<a href=\"https:\/\/www.spkatarzyna.pl\/wp-content\/uploads\/2023\/12\/641a9f4f-2fb3-4f4e-b826-95a761ef82db-300x224.jpg\" title=\"\" rel=\"gallery1\" rel=\"lightbox[8309]\"><img loading=\"lazy\" decoding=\"async\" src=\"https:\/\/www.spkatarzyna.pl\/wp-content\/uploads\/2023\/12\/641a9f4f-2fb3-4f4e-b826-95a761ef82db-150x150.jpg\" width=\"150\" height=\"150\" alt=\"\" \/><\/a>\n<\/dt><\/dl><br style=\"clear: both\" \/><dl class=\"gallery-item\">\n<dt class=\"gallery-icon\">\n<a href=\"https:\/\/www.spkatarzyna.pl\/wp-content\/uploads\/2023\/12\/794b95a5-fa43-4306-bcd8-d5a4507236cb-300x224.jpg\" title=\"\" rel=\"gallery1\" rel=\"lightbox[8309]\"><img loading=\"lazy\" decoding=\"async\" src=\"https:\/\/www.spkatarzyna.pl\/wp-content\/uploads\/2023\/12\/794b95a5-fa43-4306-bcd8-d5a4507236cb-150x150.jpg\" width=\"150\" height=\"150\" alt=\"\" \/><\/a>\n<\/dt><\/dl><dl class=\"gallery-item\">\n<dt class=\"gallery-icon\">\n<a href=\"https:\/\/www.spkatarzyna.pl\/wp-content\/uploads\/2023\/12\/923c78bd-d243-4fb4-badd-5b4efe6ffbc8-300x211.jpg\" title=\"\" rel=\"gallery1\" rel=\"lightbox[8309]\"><img loading=\"lazy\" decoding=\"async\" src=\"https:\/\/www.spkatarzyna.pl\/wp-content\/uploads\/2023\/12\/923c78bd-d243-4fb4-badd-5b4efe6ffbc8-150x150.jpg\" width=\"150\" height=\"150\" alt=\"\" \/><\/a>\n<\/dt><\/dl><dl class=\"gallery-item\">\n<dt class=\"gallery-icon\">\n<a href=\"https:\/\/www.spkatarzyna.pl\/wp-content\/uploads\/2023\/12\/7871cab1-ea66-4e25-a096-2b0d4db3322d-300x212.jpg\" title=\"\" rel=\"gallery1\" rel=\"lightbox[8309]\"><img loading=\"lazy\" decoding=\"async\" src=\"https:\/\/www.spkatarzyna.pl\/wp-content\/uploads\/2023\/12\/7871cab1-ea66-4e25-a096-2b0d4db3322d-150x150.jpg\" width=\"150\" height=\"150\" alt=\"\" \/><\/a>\n<\/dt><\/dl><dl class=\"gallery-item\">\n<dt class=\"gallery-icon\">\n<a href=\"https:\/\/www.spkatarzyna.pl\/wp-content\/uploads\/2023\/12\/IMG_5091-300x200.jpg\" title=\"\" rel=\"gallery1\" rel=\"lightbox[8309]\"><img loading=\"lazy\" decoding=\"async\" src=\"https:\/\/www.spkatarzyna.pl\/wp-content\/uploads\/2023\/12\/IMG_5091-150x150.jpg\" width=\"150\" height=\"150\" alt=\"\" \/><\/a>\n<\/dt><\/dl><dl class=\"gallery-item\">\n<dt class=\"gallery-icon\">\n<a href=\"https:\/\/www.spkatarzyna.pl\/wp-content\/uploads\/2023\/12\/f7618d16-f346-41a1-9791-f34d07b138c0-300x224.jpg\" title=\"\" rel=\"gallery1\" rel=\"lightbox[8309]\"><img loading=\"lazy\" decoding=\"async\" src=\"https:\/\/www.spkatarzyna.pl\/wp-content\/uploads\/2023\/12\/f7618d16-f346-41a1-9791-f34d07b138c0-150x150.jpg\" width=\"150\" height=\"150\" alt=\"\" \/><\/a>\n<\/dt><\/dl><br style=\"clear: both\" \/><dl class=\"gallery-item\">\n<dt class=\"gallery-icon\">\n<a href=\"https:\/\/www.spkatarzyna.pl\/wp-content\/uploads\/2023\/12\/bf29b33c-92a0-48bb-b330-f4155330b353-300x217.jpg\" title=\"\" rel=\"gallery1\" rel=\"lightbox[8309]\"><img loading=\"lazy\" decoding=\"async\" src=\"https:\/\/www.spkatarzyna.pl\/wp-content\/uploads\/2023\/12\/bf29b33c-92a0-48bb-b330-f4155330b353-150x150.jpg\" width=\"150\" height=\"150\" alt=\"\" \/><\/a>\n<\/dt><\/dl><dl class=\"gallery-item\">\n<dt class=\"gallery-icon\">\n<a href=\"https:\/\/www.spkatarzyna.pl\/wp-content\/uploads\/2023\/12\/0afb3bf8-8172-4348-83b4-c1cdf5669e69-300x169.jpg\" title=\"\" rel=\"gallery1\" rel=\"lightbox[8309]\"><img loading=\"lazy\" decoding=\"async\" src=\"https:\/\/www.spkatarzyna.pl\/wp-content\/uploads\/2023\/12\/0afb3bf8-8172-4348-83b4-c1cdf5669e69-150x150.jpg\" width=\"150\" height=\"150\" alt=\"\" \/><\/a>\n<\/dt><\/dl><dl class=\"gallery-item\">\n<dt class=\"gallery-icon\">\n<a href=\"https:\/\/www.spkatarzyna.pl\/wp-content\/uploads\/2023\/12\/4ba40cd4-b662-4878-987b-f6d46ef5502c-300x218.jpg\" title=\"\" rel=\"gallery1\" rel=\"lightbox[8309]\"><img loading=\"lazy\" decoding=\"async\" src=\"https:\/\/www.spkatarzyna.pl\/wp-content\/uploads\/2023\/12\/4ba40cd4-b662-4878-987b-f6d46ef5502c-150x150.jpg\" width=\"150\" height=\"150\" alt=\"\" \/><\/a>\n<\/dt><\/dl><dl class=\"gallery-item\">\n<dt class=\"gallery-icon\">\n<a href=\"https:\/\/www.spkatarzyna.pl\/wp-content\/uploads\/2023\/12\/9991e088-dc3c-4092-8752-f0900713fd63-300x220.jpg\" title=\"\" rel=\"gallery1\" rel=\"lightbox[8309]\"><img loading=\"lazy\" decoding=\"async\" src=\"https:\/\/www.spkatarzyna.pl\/wp-content\/uploads\/2023\/12\/9991e088-dc3c-4092-8752-f0900713fd63-150x150.jpg\" width=\"150\" height=\"150\" alt=\"\" \/><\/a>\n<\/dt><\/dl><dl class=\"gallery-item\">\n<dt class=\"gallery-icon\">\n<a href=\"https:\/\/www.spkatarzyna.pl\/wp-content\/uploads\/2023\/12\/a070bc83-7534-420c-9ca5-52294c13613c-300x225.jpg\" title=\"\" rel=\"gallery1\" rel=\"lightbox[8309]\"><img loading=\"lazy\" decoding=\"async\" src=\"https:\/\/www.spkatarzyna.pl\/wp-content\/uploads\/2023\/12\/a070bc83-7534-420c-9ca5-52294c13613c-150x150.jpg\" width=\"150\" height=\"150\" alt=\"\" \/><\/a>\n<\/dt><\/dl><br style=\"clear: both\" \/><dl class=\"gallery-item\">\n<dt class=\"gallery-icon\">\n<a href=\"https:\/\/www.spkatarzyna.pl\/wp-content\/uploads\/2023\/12\/IMG_5127-300x200.jpg\" title=\"\" rel=\"gallery1\" rel=\"lightbox[8309]\"><img loading=\"lazy\" decoding=\"async\" src=\"https:\/\/www.spkatarzyna.pl\/wp-content\/uploads\/2023\/12\/IMG_5127-150x150.jpg\" width=\"150\" height=\"150\" alt=\"\" \/><\/a>\n<\/dt><\/dl><dl class=\"gallery-item\">\n<dt class=\"gallery-icon\">\n<a href=\"https:\/\/www.spkatarzyna.pl\/wp-content\/uploads\/2023\/12\/d75a6155-5fe4-476f-8d5b-70962acba32e-300x225.jpg\" title=\"\" rel=\"gallery1\" rel=\"lightbox[8309]\"><img loading=\"lazy\" decoding=\"async\" src=\"https:\/\/www.spkatarzyna.pl\/wp-content\/uploads\/2023\/12\/d75a6155-5fe4-476f-8d5b-70962acba32e-150x150.jpg\" width=\"150\" height=\"150\" alt=\"\" \/><\/a>\n<\/dt><\/dl><dl class=\"gallery-item\">\n<dt class=\"gallery-icon\">\n<a href=\"https:\/\/www.spkatarzyna.pl\/wp-content\/uploads\/2023\/12\/f9c70f28-7eca-4db6-bb22-0e43fd333db0-218x300.jpg\" title=\"\" rel=\"gallery1\" rel=\"lightbox[8309]\"><img loading=\"lazy\" decoding=\"async\" src=\"https:\/\/www.spkatarzyna.pl\/wp-content\/uploads\/2023\/12\/f9c70f28-7eca-4db6-bb22-0e43fd333db0-150x150.jpg\" width=\"150\" height=\"150\" alt=\"\" \/><\/a>\n<\/dt><\/dl><dl class=\"gallery-item\">\n<dt class=\"gallery-icon\">\n<a href=\"https:\/\/www.spkatarzyna.pl\/wp-content\/uploads\/2023\/12\/5693042c-9075-4e8a-868e-56487f1f0453-300x225.jpg\" title=\"\" rel=\"gallery1\" rel=\"lightbox[8309]\"><img loading=\"lazy\" decoding=\"async\" src=\"https:\/\/www.spkatarzyna.pl\/wp-content\/uploads\/2023\/12\/5693042c-9075-4e8a-868e-56487f1f0453-150x150.jpg\" width=\"150\" height=\"150\" alt=\"\" \/><\/a>\n<\/dt><\/dl><dl class=\"gallery-item\">\n<dt class=\"gallery-icon\">\n<a href=\"https:\/\/www.spkatarzyna.pl\/wp-content\/uploads\/2023\/12\/2c2e9011-4771-4ba7-8e72-5c3a54b9ce14-300x224.jpg\" title=\"\" rel=\"gallery1\" rel=\"lightbox[8309]\"><img loading=\"lazy\" decoding=\"async\" src=\"https:\/\/www.spkatarzyna.pl\/wp-content\/uploads\/2023\/12\/2c2e9011-4771-4ba7-8e72-5c3a54b9ce14-150x150.jpg\" width=\"150\" height=\"150\" alt=\"\" \/><\/a>\n<\/dt><\/dl><br style=\"clear: both\" \/><dl class=\"gallery-item\">\n<dt class=\"gallery-icon\">\n<a href=\"https:\/\/www.spkatarzyna.pl\/wp-content\/uploads\/2023\/12\/IMG_5120-300x200.jpg\" title=\"\" rel=\"gallery1\" rel=\"lightbox[8309]\"><img loading=\"lazy\" decoding=\"async\" src=\"https:\/\/www.spkatarzyna.pl\/wp-content\/uploads\/2023\/12\/IMG_5120-150x150.jpg\" width=\"150\" height=\"150\" alt=\"\" \/><\/a>\n<\/dt><\/dl><dl class=\"gallery-item\">\n<dt class=\"gallery-icon\">\n<a href=\"https:\/\/www.spkatarzyna.pl\/wp-content\/uploads\/2023\/12\/IMG_5128-300x200.jpg\" title=\"\" rel=\"gallery1\" rel=\"lightbox[8309]\"><img loading=\"lazy\" decoding=\"async\" src=\"https:\/\/www.spkatarzyna.pl\/wp-content\/uploads\/2023\/12\/IMG_5128-150x150.jpg\" width=\"150\" height=\"150\" alt=\"\" \/><\/a>\n<\/dt><\/dl><dl class=\"gallery-item\">\n<dt class=\"gallery-icon\">\n<a href=\"https:\/\/www.spkatarzyna.pl\/wp-content\/uploads\/2023\/12\/IMG_5135-300x200.jpg\" title=\"\" rel=\"gallery1\" rel=\"lightbox[8309]\"><img loading=\"lazy\" decoding=\"async\" src=\"https:\/\/www.spkatarzyna.pl\/wp-content\/uploads\/2023\/12\/IMG_5135-150x150.jpg\" width=\"150\" height=\"150\" alt=\"\" \/><\/a>\n<\/dt><\/dl><dl class=\"gallery-item\">\n<dt class=\"gallery-icon\">\n<a href=\"https:\/\/www.spkatarzyna.pl\/wp-content\/uploads\/2023\/12\/IMG_5134-300x200.jpg\" title=\"\" rel=\"gallery1\" rel=\"lightbox[8309]\"><img loading=\"lazy\" decoding=\"async\" src=\"https:\/\/www.spkatarzyna.pl\/wp-content\/uploads\/2023\/12\/IMG_5134-150x150.jpg\" width=\"150\" height=\"150\" alt=\"\" \/><\/a>\n<\/dt><\/dl><br style=\"clear: both\" \/><\/div>\t\t<\/div>\n\t\t\t\t\t\t<\/div>\n\t\t\t\t\t<\/div>\n\t\t<\/div>\n\t\t\t\t\t<\/div>\n\t\t<\/section>\n\t\t\t\t<\/div>\n\t\t","protected":false},"excerpt":{"rendered":"<p>\u015awi\u0119ta Bo\u017cego Narodzenia to czas wyj\u0105tkowy, pe\u0142en serdeczno\u015bci i rado\u015bci. Tradycyjnie w naszej szkole zosta\u0142y wystawione jase\u0142ka. W dniu 21.12.23 r.\u00a0 wsp\u00f3lnie z uczniami uzdolnionymi wokalnie mieli\u015bmy okazj\u0119 nie tylko pos\u0142ucha\u0107, ale i po\u015bpiewa\u0107 znane kol\u0119dy i pi\u0119kne pastora\u0142ki. Refleksyjny, \u015bwi\u0105teczny nastr\u00f3j zosta\u0142 dodatkowo wzmocniony dzi\u0119ki przypomnieniu w kr\u00f3tkim przedstawieniu [&hellip;]<\/p>\n","protected":false},"author":6,"featured_media":8310,"comment_status":"open","ping_status":"open","sticky":false,"template":"","format":"standard","meta":{"om_disable_all_campaigns":false,"_monsterinsights_skip_tracking":false,"ngg_post_thumbnail":0,"footnotes":""},"categories":[1],"tags":[],"class_list":["post-8309","post","type-post","status-publish","format-standard","has-post-thumbnail","hentry","category-uncategorized"],"aioseo_notices":[],"aioseo_head":"\n\t\t<!-- All in One SEO 5.0.1.1 - aioseo.com -->\n\t<meta name=\"description\" content=\"\u015awi\u0119ta Bo\u017cego Narodzenia to czas wyj\u0105tkowy, pe\u0142en serdeczno\u015bci i rado\u015bci. Tradycyjnie w naszej szkole zosta\u0142y wystawione jase\u0142ka. W dniu 21.12.23 r. wsp\u00f3lnie z uczniami uzdolnionymi wokalnie mieli\u015bmy okazj\u0119 nie tylko pos\u0142ucha\u0107, ale i po\u015bpiewa\u0107 znane kol\u0119dy i pi\u0119kne pastora\u0142ki. Refleksyjny, \u015bwi\u0105teczny nastr\u00f3j zosta\u0142 dodatkowo wzmocniony dzi\u0119ki przypomnieniu w kr\u00f3tkim przedstawieniu historii Narodzenia Pa\u0144skiego.\" \/>\n\t<meta name=\"robots\" content=\"max-image-preview:large\" \/>\n\t<meta name=\"author\" content=\"Redakcja\"\/>\n\t<link rel=\"canonical\" href=\"https:\/\/www.spkatarzyna.pl\/index.php\/2023\/12\/21\/jaselka-2\/\" \/>\n\t<meta name=\"generator\" content=\"All in One SEO (AIOSEO) 5.0.1.1\" \/>\n\t\t<meta property=\"og:locale\" content=\"pl_PL\" \/>\n\t\t<meta property=\"og:site_name\" content=\"SP Katarzyna - Publiczna Szko\u0142a Podstawowa w \u015awi\u0119tej Katarzynie\" \/>\n\t\t<meta property=\"og:type\" content=\"article\" \/>\n\t\t<meta property=\"og:title\" content=\"Jase\u0142ka - SP Katarzyna\" \/>\n\t\t<meta property=\"og:description\" content=\"\u015awi\u0119ta Bo\u017cego Narodzenia to czas wyj\u0105tkowy, pe\u0142en serdeczno\u015bci i rado\u015bci. Tradycyjnie w naszej szkole zosta\u0142y wystawione jase\u0142ka. W dniu 21.12.23 r. wsp\u00f3lnie z uczniami uzdolnionymi wokalnie mieli\u015bmy okazj\u0119 nie tylko pos\u0142ucha\u0107, ale i po\u015bpiewa\u0107 znane kol\u0119dy i pi\u0119kne pastora\u0142ki. Refleksyjny, \u015bwi\u0105teczny nastr\u00f3j zosta\u0142 dodatkowo wzmocniony dzi\u0119ki przypomnieniu w kr\u00f3tkim przedstawieniu historii Narodzenia Pa\u0144skiego.\" \/>\n\t\t<meta property=\"og:url\" content=\"https:\/\/www.spkatarzyna.pl\/index.php\/2023\/12\/21\/jaselka-2\/\" \/>\n\t\t<meta property=\"article:published_time\" content=\"2023-12-21T15:00:03+00:00\" \/>\n\t\t<meta property=\"article:modified_time\" content=\"2023-12-21T21:29:02+00:00\" \/>\n\t\t<meta name=\"twitter:card\" content=\"summary_large_image\" \/>\n\t\t<meta name=\"twitter:title\" content=\"Jase\u0142ka - SP Katarzyna\" \/>\n\t\t<meta name=\"twitter:description\" content=\"\u015awi\u0119ta Bo\u017cego Narodzenia to czas wyj\u0105tkowy, pe\u0142en serdeczno\u015bci i rado\u015bci. Tradycyjnie w naszej szkole zosta\u0142y wystawione jase\u0142ka. W dniu 21.12.23 r. wsp\u00f3lnie z uczniami uzdolnionymi wokalnie mieli\u015bmy okazj\u0119 nie tylko pos\u0142ucha\u0107, ale i po\u015bpiewa\u0107 znane kol\u0119dy i pi\u0119kne pastora\u0142ki. Refleksyjny, \u015bwi\u0105teczny nastr\u00f3j zosta\u0142 dodatkowo wzmocniony dzi\u0119ki przypomnieniu w kr\u00f3tkim przedstawieniu historii Narodzenia Pa\u0144skiego.\" \/>\n\t\t<script type=\"application\/ld+json\" class=\"aioseo-schema\">\n\t\t\t{\"@context\":\"https:\\\/\\\/schema.org\",\"@graph\":[{\"@type\":\"BlogPosting\",\"@id\":\"https:\\\/\\\/www.spkatarzyna.pl\\\/index.php\\\/2023\\\/12\\\/21\\\/jaselka-2\\\/#blogposting\",\"name\":\"Jase\\u0142ka - SP Katarzyna\",\"headline\":\"Jase\\u0142ka\",\"author\":{\"@id\":\"https:\\\/\\\/www.spkatarzyna.pl\\\/index.php\\\/author\\\/agatasafianspkatarzyna-pl\\\/#author\"},\"publisher\":{\"@id\":\"https:\\\/\\\/www.spkatarzyna.pl\\\/#organization\"},\"image\":{\"@type\":\"ImageObject\",\"url\":\"https:\\\/\\\/www.spkatarzyna.pl\\\/wp-content\\\/uploads\\\/2023\\\/12\\\/0afb3bf8-8172-4348-83b4-c1cdf566.jpg\",\"width\":360,\"height\":202},\"datePublished\":\"2023-12-21T15:00:03+01:00\",\"dateModified\":\"2023-12-21T21:29:02+01:00\",\"inLanguage\":\"pl-PL\",\"mainEntityOfPage\":{\"@id\":\"https:\\\/\\\/www.spkatarzyna.pl\\\/index.php\\\/2023\\\/12\\\/21\\\/jaselka-2\\\/#webpage\"},\"isPartOf\":{\"@id\":\"https:\\\/\\\/www.spkatarzyna.pl\\\/index.php\\\/2023\\\/12\\\/21\\\/jaselka-2\\\/#webpage\"},\"articleSection\":\"Uncategorized\"},{\"@type\":\"BreadcrumbList\",\"@id\":\"https:\\\/\\\/www.spkatarzyna.pl\\\/index.php\\\/2023\\\/12\\\/21\\\/jaselka-2\\\/#breadcrumblist\",\"itemListElement\":[{\"@type\":\"ListItem\",\"@id\":\"https:\\\/\\\/www.spkatarzyna.pl#listItem\",\"position\":1,\"name\":\"Dom\",\"item\":\"https:\\\/\\\/www.spkatarzyna.pl\",\"nextItem\":{\"@type\":\"ListItem\",\"@id\":\"https:\\\/\\\/www.spkatarzyna.pl\\\/index.php\\\/category\\\/uncategorized\\\/#listItem\",\"name\":\"Uncategorized\"}},{\"@type\":\"ListItem\",\"@id\":\"https:\\\/\\\/www.spkatarzyna.pl\\\/index.php\\\/category\\\/uncategorized\\\/#listItem\",\"position\":2,\"name\":\"Uncategorized\",\"item\":\"https:\\\/\\\/www.spkatarzyna.pl\\\/index.php\\\/category\\\/uncategorized\\\/\",\"nextItem\":{\"@type\":\"ListItem\",\"@id\":\"https:\\\/\\\/www.spkatarzyna.pl\\\/index.php\\\/2023\\\/12\\\/21\\\/jaselka-2\\\/#listItem\",\"name\":\"Jase\\u0142ka\"},\"previousItem\":{\"@type\":\"ListItem\",\"@id\":\"https:\\\/\\\/www.spkatarzyna.pl#listItem\",\"name\":\"Dom\"}},{\"@type\":\"ListItem\",\"@id\":\"https:\\\/\\\/www.spkatarzyna.pl\\\/index.php\\\/2023\\\/12\\\/21\\\/jaselka-2\\\/#listItem\",\"position\":3,\"name\":\"Jase\\u0142ka\",\"previousItem\":{\"@type\":\"ListItem\",\"@id\":\"https:\\\/\\\/www.spkatarzyna.pl\\\/index.php\\\/category\\\/uncategorized\\\/#listItem\",\"name\":\"Uncategorized\"}}]},{\"@type\":\"Organization\",\"@id\":\"https:\\\/\\\/www.spkatarzyna.pl\\\/#organization\",\"name\":\"SP Katarzyna\",\"description\":\"Publiczna Szko\\u0142a Podstawowa w \\u015awi\\u0119tej Katarzynie\",\"url\":\"https:\\\/\\\/www.spkatarzyna.pl\\\/\",\"telephone\":\"+48713116378\",\"sameAs\":[\"https:\\\/\\\/facebook.com\\\/\",\"https:\\\/\\\/x.com\\\/\",\"https:\\\/\\\/instagram.com\\\/\",\"https:\\\/\\\/pinterest.com\\\/\",\"https:\\\/\\\/youtube.com\\\/\",\"https:\\\/\\\/linkedin.com\\\/in\\\/\"]},{\"@type\":\"Person\",\"@id\":\"https:\\\/\\\/www.spkatarzyna.pl\\\/index.php\\\/author\\\/agatasafianspkatarzyna-pl\\\/#author\",\"url\":\"https:\\\/\\\/www.spkatarzyna.pl\\\/index.php\\\/author\\\/agatasafianspkatarzyna-pl\\\/\",\"name\":\"Redakcja\",\"image\":{\"@type\":\"ImageObject\",\"@id\":\"https:\\\/\\\/www.spkatarzyna.pl\\\/index.php\\\/2023\\\/12\\\/21\\\/jaselka-2\\\/#authorImage\",\"url\":\"https:\\\/\\\/secure.gravatar.com\\\/avatar\\\/765290513df94d442152250e92b42327?s=96&d=mm&r=g\",\"width\":96,\"height\":96,\"caption\":\"Redakcja\"}},{\"@type\":\"WebPage\",\"@id\":\"https:\\\/\\\/www.spkatarzyna.pl\\\/index.php\\\/2023\\\/12\\\/21\\\/jaselka-2\\\/#webpage\",\"url\":\"https:\\\/\\\/www.spkatarzyna.pl\\\/index.php\\\/2023\\\/12\\\/21\\\/jaselka-2\\\/\",\"name\":\"Jase\\u0142ka - SP Katarzyna\",\"description\":\"\\u015awi\\u0119ta Bo\\u017cego Narodzenia to czas wyj\\u0105tkowy, pe\\u0142en serdeczno\\u015bci i rado\\u015bci. Tradycyjnie w naszej szkole zosta\\u0142y wystawione jase\\u0142ka. W dniu 21.12.23 r. wsp\\u00f3lnie z uczniami uzdolnionymi wokalnie mieli\\u015bmy okazj\\u0119 nie tylko pos\\u0142ucha\\u0107, ale i po\\u015bpiewa\\u0107 znane kol\\u0119dy i pi\\u0119kne pastora\\u0142ki. Refleksyjny, \\u015bwi\\u0105teczny nastr\\u00f3j zosta\\u0142 dodatkowo wzmocniony dzi\\u0119ki przypomnieniu w kr\\u00f3tkim przedstawieniu historii Narodzenia Pa\\u0144skiego.\",\"inLanguage\":\"pl-PL\",\"isPartOf\":{\"@id\":\"https:\\\/\\\/www.spkatarzyna.pl\\\/#website\"},\"breadcrumb\":{\"@id\":\"https:\\\/\\\/www.spkatarzyna.pl\\\/index.php\\\/2023\\\/12\\\/21\\\/jaselka-2\\\/#breadcrumblist\"},\"author\":{\"@id\":\"https:\\\/\\\/www.spkatarzyna.pl\\\/index.php\\\/author\\\/agatasafianspkatarzyna-pl\\\/#author\"},\"creator\":{\"@id\":\"https:\\\/\\\/www.spkatarzyna.pl\\\/index.php\\\/author\\\/agatasafianspkatarzyna-pl\\\/#author\"},\"image\":{\"@type\":\"ImageObject\",\"url\":\"https:\\\/\\\/www.spkatarzyna.pl\\\/wp-content\\\/uploads\\\/2023\\\/12\\\/0afb3bf8-8172-4348-83b4-c1cdf566.jpg\",\"@id\":\"https:\\\/\\\/www.spkatarzyna.pl\\\/index.php\\\/2023\\\/12\\\/21\\\/jaselka-2\\\/#mainImage\",\"width\":360,\"height\":202},\"primaryImageOfPage\":{\"@id\":\"https:\\\/\\\/www.spkatarzyna.pl\\\/index.php\\\/2023\\\/12\\\/21\\\/jaselka-2\\\/#mainImage\"},\"datePublished\":\"2023-12-21T15:00:03+01:00\",\"dateModified\":\"2023-12-21T21:29:02+01:00\"},{\"@type\":\"WebSite\",\"@id\":\"https:\\\/\\\/www.spkatarzyna.pl\\\/#website\",\"url\":\"https:\\\/\\\/www.spkatarzyna.pl\\\/\",\"name\":\"SP Katarzyna\",\"description\":\"Publiczna Szko\\u0142a Podstawowa w \\u015awi\\u0119tej Katarzynie\",\"inLanguage\":\"pl-PL\",\"publisher\":{\"@id\":\"https:\\\/\\\/www.spkatarzyna.pl\\\/#organization\"}}]}\n\t\t<\/script>\n\t\t<!-- All in One SEO -->\n\n","aioseo_head_json":{"title":"Jase\u0142ka - SP Katarzyna","description":"\u015awi\u0119ta Bo\u017cego Narodzenia to czas wyj\u0105tkowy, pe\u0142en serdeczno\u015bci i rado\u015bci. Tradycyjnie w naszej szkole zosta\u0142y wystawione jase\u0142ka. W dniu 21.12.23 r. wsp\u00f3lnie z uczniami uzdolnionymi wokalnie mieli\u015bmy okazj\u0119 nie tylko pos\u0142ucha\u0107, ale i po\u015bpiewa\u0107 znane kol\u0119dy i pi\u0119kne pastora\u0142ki. Refleksyjny, \u015bwi\u0105teczny nastr\u00f3j zosta\u0142 dodatkowo wzmocniony dzi\u0119ki przypomnieniu w kr\u00f3tkim przedstawieniu historii Narodzenia Pa\u0144skiego.","canonical_url":"https:\/\/www.spkatarzyna.pl\/index.php\/2023\/12\/21\/jaselka-2\/","robots":"max-image-preview:large","keywords":"","webmasterTools":{"miscellaneous":""},"schema":{"@context":"https:\/\/schema.org","@graph":[{"@type":"BlogPosting","@id":"https:\/\/www.spkatarzyna.pl\/index.php\/2023\/12\/21\/jaselka-2\/#blogposting","name":"Jase\u0142ka - SP Katarzyna","headline":"Jase\u0142ka","author":{"@id":"https:\/\/www.spkatarzyna.pl\/index.php\/author\/agatasafianspkatarzyna-pl\/#author"},"publisher":{"@id":"https:\/\/www.spkatarzyna.pl\/#organization"},"image":{"@type":"ImageObject","url":"https:\/\/www.spkatarzyna.pl\/wp-content\/uploads\/2023\/12\/0afb3bf8-8172-4348-83b4-c1cdf566.jpg","width":360,"height":202},"datePublished":"2023-12-21T15:00:03+01:00","dateModified":"2023-12-21T21:29:02+01:00","inLanguage":"pl-PL","mainEntityOfPage":{"@id":"https:\/\/www.spkatarzyna.pl\/index.php\/2023\/12\/21\/jaselka-2\/#webpage"},"isPartOf":{"@id":"https:\/\/www.spkatarzyna.pl\/index.php\/2023\/12\/21\/jaselka-2\/#webpage"},"articleSection":"Uncategorized"},{"@type":"BreadcrumbList","@id":"https:\/\/www.spkatarzyna.pl\/index.php\/2023\/12\/21\/jaselka-2\/#breadcrumblist","itemListElement":[{"@type":"ListItem","@id":"https:\/\/www.spkatarzyna.pl#listItem","position":1,"name":"Dom","item":"https:\/\/www.spkatarzyna.pl","nextItem":{"@type":"ListItem","@id":"https:\/\/www.spkatarzyna.pl\/index.php\/category\/uncategorized\/#listItem","name":"Uncategorized"}},{"@type":"ListItem","@id":"https:\/\/www.spkatarzyna.pl\/index.php\/category\/uncategorized\/#listItem","position":2,"name":"Uncategorized","item":"https:\/\/www.spkatarzyna.pl\/index.php\/category\/uncategorized\/","nextItem":{"@type":"ListItem","@id":"https:\/\/www.spkatarzyna.pl\/index.php\/2023\/12\/21\/jaselka-2\/#listItem","name":"Jase\u0142ka"},"previousItem":{"@type":"ListItem","@id":"https:\/\/www.spkatarzyna.pl#listItem","name":"Dom"}},{"@type":"ListItem","@id":"https:\/\/www.spkatarzyna.pl\/index.php\/2023\/12\/21\/jaselka-2\/#listItem","position":3,"name":"Jase\u0142ka","previousItem":{"@type":"ListItem","@id":"https:\/\/www.spkatarzyna.pl\/index.php\/category\/uncategorized\/#listItem","name":"Uncategorized"}}]},{"@type":"Organization","@id":"https:\/\/www.spkatarzyna.pl\/#organization","name":"SP Katarzyna","description":"Publiczna Szko\u0142a Podstawowa w \u015awi\u0119tej Katarzynie","url":"https:\/\/www.spkatarzyna.pl\/","telephone":"+48713116378","sameAs":["https:\/\/facebook.com\/","https:\/\/x.com\/","https:\/\/instagram.com\/","https:\/\/pinterest.com\/","https:\/\/youtube.com\/","https:\/\/linkedin.com\/in\/"]},{"@type":"Person","@id":"https:\/\/www.spkatarzyna.pl\/index.php\/author\/agatasafianspkatarzyna-pl\/#author","url":"https:\/\/www.spkatarzyna.pl\/index.php\/author\/agatasafianspkatarzyna-pl\/","name":"Redakcja","image":{"@type":"ImageObject","@id":"https:\/\/www.spkatarzyna.pl\/index.php\/2023\/12\/21\/jaselka-2\/#authorImage","url":"https:\/\/secure.gravatar.com\/avatar\/765290513df94d442152250e92b42327?s=96&d=mm&r=g","width":96,"height":96,"caption":"Redakcja"}},{"@type":"WebPage","@id":"https:\/\/www.spkatarzyna.pl\/index.php\/2023\/12\/21\/jaselka-2\/#webpage","url":"https:\/\/www.spkatarzyna.pl\/index.php\/2023\/12\/21\/jaselka-2\/","name":"Jase\u0142ka - SP Katarzyna","description":"\u015awi\u0119ta Bo\u017cego Narodzenia to czas wyj\u0105tkowy, pe\u0142en serdeczno\u015bci i rado\u015bci. Tradycyjnie w naszej szkole zosta\u0142y wystawione jase\u0142ka. W dniu 21.12.23 r. wsp\u00f3lnie z uczniami uzdolnionymi wokalnie mieli\u015bmy okazj\u0119 nie tylko pos\u0142ucha\u0107, ale i po\u015bpiewa\u0107 znane kol\u0119dy i pi\u0119kne pastora\u0142ki. Refleksyjny, \u015bwi\u0105teczny nastr\u00f3j zosta\u0142 dodatkowo wzmocniony dzi\u0119ki przypomnieniu w kr\u00f3tkim przedstawieniu historii Narodzenia Pa\u0144skiego.","inLanguage":"pl-PL","isPartOf":{"@id":"https:\/\/www.spkatarzyna.pl\/#website"},"breadcrumb":{"@id":"https:\/\/www.spkatarzyna.pl\/index.php\/2023\/12\/21\/jaselka-2\/#breadcrumblist"},"author":{"@id":"https:\/\/www.spkatarzyna.pl\/index.php\/author\/agatasafianspkatarzyna-pl\/#author"},"creator":{"@id":"https:\/\/www.spkatarzyna.pl\/index.php\/author\/agatasafianspkatarzyna-pl\/#author"},"image":{"@type":"ImageObject","url":"https:\/\/www.spkatarzyna.pl\/wp-content\/uploads\/2023\/12\/0afb3bf8-8172-4348-83b4-c1cdf566.jpg","@id":"https:\/\/www.spkatarzyna.pl\/index.php\/2023\/12\/21\/jaselka-2\/#mainImage","width":360,"height":202},"primaryImageOfPage":{"@id":"https:\/\/www.spkatarzyna.pl\/index.php\/2023\/12\/21\/jaselka-2\/#mainImage"},"datePublished":"2023-12-21T15:00:03+01:00","dateModified":"2023-12-21T21:29:02+01:00"},{"@type":"WebSite","@id":"https:\/\/www.spkatarzyna.pl\/#website","url":"https:\/\/www.spkatarzyna.pl\/","name":"SP Katarzyna","description":"Publiczna Szko\u0142a Podstawowa w \u015awi\u0119tej Katarzynie","inLanguage":"pl-PL","publisher":{"@id":"https:\/\/www.spkatarzyna.pl\/#organization"}}]},"og:locale":"pl_PL","og:site_name":"SP Katarzyna - Publiczna Szko\u0142a Podstawowa w \u015awi\u0119tej Katarzynie","og:type":"article","og:title":"Jase\u0142ka - SP Katarzyna","og:description":"\u015awi\u0119ta Bo\u017cego Narodzenia to czas wyj\u0105tkowy, pe\u0142en serdeczno\u015bci i rado\u015bci. Tradycyjnie w naszej szkole zosta\u0142y wystawione jase\u0142ka. W dniu 21.12.23 r. wsp\u00f3lnie z uczniami uzdolnionymi wokalnie mieli\u015bmy okazj\u0119 nie tylko pos\u0142ucha\u0107, ale i po\u015bpiewa\u0107 znane kol\u0119dy i pi\u0119kne pastora\u0142ki. Refleksyjny, \u015bwi\u0105teczny nastr\u00f3j zosta\u0142 dodatkowo wzmocniony dzi\u0119ki przypomnieniu w kr\u00f3tkim przedstawieniu historii Narodzenia Pa\u0144skiego.","og:url":"https:\/\/www.spkatarzyna.pl\/index.php\/2023\/12\/21\/jaselka-2\/","article:published_time":"2023-12-21T15:00:03+00:00","article:modified_time":"2023-12-21T21:29:02+00:00","twitter:card":"summary_large_image","twitter:title":"Jase\u0142ka - SP Katarzyna","twitter:description":"\u015awi\u0119ta Bo\u017cego Narodzenia to czas wyj\u0105tkowy, pe\u0142en serdeczno\u015bci i rado\u015bci. Tradycyjnie w naszej szkole zosta\u0142y wystawione jase\u0142ka. W dniu 21.12.23 r. wsp\u00f3lnie z uczniami uzdolnionymi wokalnie mieli\u015bmy okazj\u0119 nie tylko pos\u0142ucha\u0107, ale i po\u015bpiewa\u0107 znane kol\u0119dy i pi\u0119kne pastora\u0142ki. Refleksyjny, \u015bwi\u0105teczny nastr\u00f3j zosta\u0142 dodatkowo wzmocniony dzi\u0119ki przypomnieniu w kr\u00f3tkim przedstawieniu historii Narodzenia Pa\u0144skiego."},"aioseo_meta_data":{"post_id":"8309","title":null,"description":null,"keywords":null,"keyphrases":null,"primary_term":null,"canonical_url":null,"og_title":null,"og_description":null,"og_object_type":"default","og_image_type":"default","og_image_url":null,"og_image_width":null,"og_image_height":null,"og_image_custom_url":null,"og_image_custom_fields":null,"og_video":null,"og_custom_url":null,"og_article_section":null,"og_article_tags":null,"twitter_use_og":false,"twitter_card":"default","twitter_image_type":"default","twitter_image_url":null,"twitter_image_custom_url":null,"twitter_image_custom_fields":null,"twitter_title":null,"twitter_description":null,"schema":{"blockGraphs":[],"customGraphs":[],"default":{"data":{"Article":[],"Course":[],"Dataset":[],"FAQPage":[],"Movie":[],"Person":[],"Product":[],"ProductReview":[],"Car":[],"Recipe":[],"Service":[],"SoftwareApplication":[],"WebPage":[]},"graphName":"","isEnabled":true},"graphs":[]},"schema_type":"default","schema_type_options":null,"pillar_content":false,"robots_default":true,"robots_noindex":false,"robots_noarchive":false,"robots_nosnippet":false,"robots_nofollow":false,"robots_noimageindex":false,"robots_noodp":false,"robots_notranslate":false,"robots_max_snippet":null,"robots_max_videopreview":null,"robots_max_imagepreview":"large","priority":null,"frequency":null,"local_seo":null,"limit_modified_date":false,"created":"2024-04-03 08:43:54","updated":"2026-09-03 15:03:56","focus_keyword":null,"additional_keywords":null,"truseo_locale":null,"ai":null,"breadcrumb_settings":null,"seo_analyzer_scan_date":null},"aioseo_breadcrumb":"<div class=\"aioseo-breadcrumbs\"><span class=\"aioseo-breadcrumb\">\n\t\t\t<a href=\"https:\/\/www.spkatarzyna.pl\" title=\"Dom\">Dom<\/a>\n\t\t<\/span><span class=\"aioseo-breadcrumb-separator\">&raquo;<\/span><span class=\"aioseo-breadcrumb\">\n\t\t\t<a href=\"https:\/\/www.spkatarzyna.pl\/index.php\/category\/uncategorized\/\" title=\"Uncategorized\">Uncategorized<\/a>\n\t\t<\/span><span class=\"aioseo-breadcrumb-separator\">&raquo;<\/span><span class=\"aioseo-breadcrumb\">\n\t\t\tJase\u0142ka\n\t\t<\/span><\/div>","aioseo_breadcrumb_json":[{"label":"Dom","link":"https:\/\/www.spkatarzyna.pl"},{"label":"Uncategorized","link":"https:\/\/www.spkatarzyna.pl\/index.php\/category\/uncategorized\/"},{"label":"Jase\u0142ka","link":"https:\/\/www.spkatarzyna.pl\/index.php\/2023\/12\/21\/jaselka-2\/"}],"_links":{"self":[{"href":"https:\/\/www.spkatarzyna.pl\/index.php\/wp-json\/wp\/v2\/posts\/8309","targetHints":{"allow":["GET"]}}],"collection":[{"href":"https:\/\/www.spkatarzyna.pl\/index.php\/wp-json\/wp\/v2\/posts"}],"about":[{"href":"https:\/\/www.spkatarzyna.pl\/index.php\/wp-json\/wp\/v2\/types\/post"}],"author":[{"embeddable":true,"href":"https:\/\/www.spkatarzyna.pl\/index.php\/wp-json\/wp\/v2\/users\/6"}],"replies":[{"embeddable":true,"href":"https:\/\/www.spkatarzyna.pl\/index.php\/wp-json\/wp\/v2\/comments?post=8309"}],"version-history":[{"count":40,"href":"https:\/\/www.spkatarzyna.pl\/index.php\/wp-json\/wp\/v2\/posts\/8309\/revisions"}],"predecessor-version":[{"id":8399,"href":"https:\/\/www.spkatarzyna.pl\/index.php\/wp-json\/wp\/v2\/posts\/8309\/revisions\/8399"}],"wp:featuredmedia":[{"embeddable":true,"href":"https:\/\/www.spkatarzyna.pl\/index.php\/wp-json\/wp\/v2\/media\/8310"}],"wp:attachment":[{"href":"https:\/\/www.spkatarzyna.pl\/index.php\/wp-json\/wp\/v2\/media?parent=8309"}],"wp:term":[{"taxonomy":"category","embeddable":true,"href":"https:\/\/www.spkatarzyna.pl\/index.php\/wp-json\/wp\/v2\/categories?post=8309"},{"taxonomy":"post_tag","embeddable":true,"href":"https:\/\/www.spkatarzyna.pl\/index.php\/wp-json\/wp\/v2\/tags?post=8309"}],"curies":[{"name":"wp","href":"https:\/\/api.w.org\/{rel}","templated":true}]}}