{"id":8472,"date":"2023-12-29T10:41:02","date_gmt":"2023-12-29T10:41:02","guid":{"rendered":"http:\/\/www.spkatarzyna.pl\/?p=8472"},"modified":"2023-12-31T13:38:47","modified_gmt":"2023-12-31T13:38:47","slug":"nowy-rozklad-autobusow-szkolnych","status":"publish","type":"post","link":"https:\/\/www.spkatarzyna.pl\/index.php\/2023\/12\/29\/nowy-rozklad-autobusow-szkolnych\/","title":{"rendered":"Nowy rozk\u0142ad autobus\u00f3w szkolnych"},"content":{"rendered":"\t\t<div data-elementor-type=\"wp-post\" data-elementor-id=\"8472\" class=\"elementor elementor-8472\">\n\t\t\t\t\t\t<section class=\"elementor-section elementor-top-section elementor-element elementor-element-7fe834e9 elementor-section-boxed elementor-section-height-default elementor-section-height-default\" data-id=\"7fe834e9\" data-element_type=\"section\">\n\t\t\t\t\t\t<div class=\"elementor-container elementor-column-gap-default\">\n\t\t\t\t\t<div class=\"elementor-column elementor-col-100 elementor-top-column elementor-element elementor-element-1a722ea6\" data-id=\"1a722ea6\" data-element_type=\"column\">\n\t\t\t<div class=\"elementor-widget-wrap elementor-element-populated\">\n\t\t\t\t\t\t<div class=\"elementor-element elementor-element-4196b4f9 elementor-widget elementor-widget-text-editor\" data-id=\"4196b4f9\" data-element_type=\"widget\" data-widget_type=\"text-editor.default\">\n\t\t\t\t\t\t\t\t\t<p style=\"font-weight: 400; text-align: justify;\"><span style=\"font-size: 14pt; color: #000000;\">Szanowni Pa\u0144stwo,<\/span><\/p><p style=\"font-weight: 400; text-align: justify;\"><span style=\"font-size: 14pt; color: #000000;\">informujemy, \u017ce od nowego roku kalendarzowego tj. od \u00a001.01.2024 r. obowi\u0105zuje nowy rozk\u0142ad <\/span><span style=\"font-size: 14pt; color: #000000;\">autobus\u00f3w szkolnych.<\/span><\/p><ul><li><span style=\"font-size: 14pt;\"><a href=\"http:\/\/www.spkatarzyna.pl\/wp-content\/uploads\/2023\/12\/linia-56-obowia\u0328zuje-od-01.01.2024r..pdf\">Linia nr 56<\/a><\/span>\u00a0<\/li><li><span style=\"font-size: 14pt;\"><a href=\"http:\/\/www.spkatarzyna.pl\/wp-content\/uploads\/2023\/12\/Linia-60_861-obowia\u0328zuje-od-01.01.2024r..pdf\">Linia nr 60<\/a><\/span><\/li><\/ul>\t\t\t\t\t\t\t\t<\/div>\n\t\t\t\t\t<\/div>\n\t\t<\/div>\n\t\t\t\t\t<\/div>\n\t\t<\/section>\n\t\t\t\t<section class=\"elementor-section elementor-top-section elementor-element elementor-element-1202b80 elementor-section-boxed elementor-section-height-default elementor-section-height-default\" data-id=\"1202b80\" data-element_type=\"section\">\n\t\t\t\t\t\t<div class=\"elementor-container elementor-column-gap-default\">\n\t\t\t\t\t<div class=\"elementor-column elementor-col-100 elementor-top-column elementor-element elementor-element-51b8b9f\" data-id=\"51b8b9f\" data-element_type=\"column\">\n\t\t\t<div class=\"elementor-widget-wrap elementor-element-populated\">\n\t\t\t\t\t\t<div class=\"elementor-element elementor-element-57c10c2 elementor-cta--skin-classic elementor-animated-content elementor-bg-transform elementor-bg-transform-zoom-in elementor-widget elementor-widget-call-to-action\" data-id=\"57c10c2\" data-element_type=\"widget\" data-widget_type=\"call-to-action.default\">\n\t\t\t\t<div class=\"elementor-widget-container\">\n\t\t\t\t\t\t\t<div  class=\"elementor-cta\">\n\t\t\t\t\t<div class=\"elementor-cta__bg-wrapper\">\n\t\t\t\t<div class=\"elementor-cta__bg elementor-bg\" style=\"background-image: url(https:\/\/www.spkatarzyna.pl\/wp-content\/uploads\/2023\/12\/linia-56-obowia\u0328zuje-od-01.01.2024r.-5-pdf-1024x768.jpg);\"><\/div>\n\t\t\t\t<div class=\"elementor-cta__bg-overlay\"><\/div>\n\t\t\t<\/div>\n\t\t\t\t\t\t\t<div class=\"elementor-cta__content\">\n\t\t\t\t\n\t\t\t\t\t\t\t\t\t<h2 class=\"elementor-cta__title elementor-cta__content-item elementor-content-item\">\n\t\t\t\t\t\tLinia nr 56\t\t\t\t\t<\/h2>\n\t\t\t\t\n\t\t\t\t\n\t\t\t\t\t\t\t\t\t<div class=\"elementor-cta__button-wrapper elementor-cta__content-item elementor-content-item \">\n\t\t\t\t\t<a class=\"elementor-cta__button elementor-button elementor-size-sm\" href=\"http:\/\/www.spkatarzyna.pl\/wp-content\/uploads\/2023\/12\/linia-56-obowia\u0328zuje-od-01.01.2024r.-5.pdf\">\n\t\t\t\t\t\tOtw\u00f3rz\t\t\t\t\t<\/a>\n\t\t\t\t\t<\/div>\n\t\t\t\t\t\t\t<\/div>\n\t\t\t\t\t\t<\/div>\n\t\t\t\t\t\t<\/div>\n\t\t\t\t<\/div>\n\t\t\t\t\t<\/div>\n\t\t<\/div>\n\t\t\t\t\t<\/div>\n\t\t<\/section>\n\t\t\t\t<section class=\"elementor-section elementor-top-section elementor-element elementor-element-6c10534 elementor-section-boxed elementor-section-height-default elementor-section-height-default\" data-id=\"6c10534\" data-element_type=\"section\">\n\t\t\t\t\t\t<div class=\"elementor-container elementor-column-gap-default\">\n\t\t\t\t\t<div class=\"elementor-column elementor-col-100 elementor-top-column elementor-element elementor-element-0ba0a8d\" data-id=\"0ba0a8d\" data-element_type=\"column\">\n\t\t\t<div class=\"elementor-widget-wrap elementor-element-populated\">\n\t\t\t\t\t\t<div class=\"elementor-element elementor-element-3def5cb elementor-cta--skin-classic elementor-animated-content elementor-bg-transform elementor-bg-transform-zoom-in elementor-widget elementor-widget-call-to-action\" data-id=\"3def5cb\" data-element_type=\"widget\" data-widget_type=\"call-to-action.default\">\n\t\t\t\t<div class=\"elementor-widget-container\">\n\t\t\t\t\t\t\t<div  class=\"elementor-cta\">\n\t\t\t\t\t<div class=\"elementor-cta__bg-wrapper\">\n\t\t\t\t<div class=\"elementor-cta__bg elementor-bg\" style=\"background-image: url(https:\/\/www.spkatarzyna.pl\/wp-content\/uploads\/2023\/12\/Linia-60_861-obowia\u0328zuje-od-01.01.2024r.-4-pdf-1024x768.jpg);\"><\/div>\n\t\t\t\t<div class=\"elementor-cta__bg-overlay\"><\/div>\n\t\t\t<\/div>\n\t\t\t\t\t\t\t<div class=\"elementor-cta__content\">\n\t\t\t\t\n\t\t\t\t\t\t\t\t\t<h2 class=\"elementor-cta__title elementor-cta__content-item elementor-content-item\">\n\t\t\t\t\t\tLinia nr 60\t\t\t\t\t<\/h2>\n\t\t\t\t\n\t\t\t\t\n\t\t\t\t\t\t\t\t\t<div class=\"elementor-cta__button-wrapper elementor-cta__content-item elementor-content-item \">\n\t\t\t\t\t<a class=\"elementor-cta__button elementor-button elementor-size-sm\" href=\"http:\/\/www.spkatarzyna.pl\/wp-content\/uploads\/2023\/12\/Linia-60_861-obowia%CC%A8zuje-od-01.01.2024r..pdf\">\n\t\t\t\t\t\tOtw\u00f3rz\t\t\t\t\t<\/a>\n\t\t\t\t\t<\/div>\n\t\t\t\t\t\t\t<\/div>\n\t\t\t\t\t\t<\/div>\n\t\t\t\t\t\t<\/div>\n\t\t\t\t<\/div>\n\t\t\t\t\t<\/div>\n\t\t<\/div>\n\t\t\t\t\t<\/div>\n\t\t<\/section>\n\t\t\t\t<\/div>\n\t\t","protected":false},"excerpt":{"rendered":"<p>Szanowni Pa\u0144stwo, informujemy, \u017ce od nowego roku kalendarzowego tj. od \u00a001.01.2024 r. obowi\u0105zuje nowy rozk\u0142ad autobus\u00f3w szkolnych. Linia nr 56\u00a0 Linia nr 60 Linia nr 56 Otw\u00f3rz Linia nr 60 Otw\u00f3rz<\/p>\n","protected":false},"author":6,"featured_media":8473,"comment_status":"open","ping_status":"open","sticky":false,"template":"","format":"standard","meta":{"om_disable_all_campaigns":false,"_monsterinsights_skip_tracking":false,"ngg_post_thumbnail":0,"footnotes":""},"categories":[1],"tags":[],"class_list":["post-8472","post","type-post","status-publish","format-standard","has-post-thumbnail","hentry","category-uncategorized"],"aioseo_notices":[],"aioseo_head":"\n\t\t<!-- All in One SEO 5.0.1.1 - aioseo.com -->\n\t<meta name=\"description\" content=\"Szanowni Pa\u0144stwo,informujemy, \u017ce od nowego roku kalendarzowego tj. od 01.01.2024 r. obowi\u0105zuje nowy rozk\u0142ad autobus\u00f3w szkolnych.Linia nr 56 Linia nr 60 Linia nr 56 Otw\u00f3rz Linia nr 60 Otw\u00f3rz\" \/>\n\t<meta name=\"robots\" content=\"max-image-preview:large\" \/>\n\t<meta name=\"author\" content=\"Redakcja\"\/>\n\t<link rel=\"canonical\" href=\"https:\/\/www.spkatarzyna.pl\/index.php\/2023\/12\/29\/nowy-rozklad-autobusow-szkolnych\/\" \/>\n\t<meta name=\"generator\" content=\"All in One SEO (AIOSEO) 5.0.1.1\" \/>\n\t\t<meta property=\"og:locale\" content=\"pl_PL\" \/>\n\t\t<meta property=\"og:site_name\" content=\"SP Katarzyna - Publiczna Szko\u0142a Podstawowa w \u015awi\u0119tej Katarzynie\" \/>\n\t\t<meta property=\"og:type\" content=\"article\" \/>\n\t\t<meta property=\"og:title\" content=\"Nowy rozk\u0142ad autobus\u00f3w szkolnych - SP Katarzyna\" \/>\n\t\t<meta property=\"og:description\" content=\"Szanowni Pa\u0144stwo,informujemy, \u017ce od nowego roku kalendarzowego tj. od 01.01.2024 r. obowi\u0105zuje nowy rozk\u0142ad autobus\u00f3w szkolnych.Linia nr 56 Linia nr 60 Linia nr 56 Otw\u00f3rz Linia nr 60 Otw\u00f3rz\" \/>\n\t\t<meta property=\"og:url\" content=\"https:\/\/www.spkatarzyna.pl\/index.php\/2023\/12\/29\/nowy-rozklad-autobusow-szkolnych\/\" \/>\n\t\t<meta property=\"article:published_time\" content=\"2023-12-29T10:41:02+00:00\" \/>\n\t\t<meta property=\"article:modified_time\" content=\"2023-12-31T13:38:47+00:00\" \/>\n\t\t<meta name=\"twitter:card\" content=\"summary_large_image\" \/>\n\t\t<meta name=\"twitter:title\" content=\"Nowy rozk\u0142ad autobus\u00f3w szkolnych - SP Katarzyna\" \/>\n\t\t<meta name=\"twitter:description\" content=\"Szanowni Pa\u0144stwo,informujemy, \u017ce od nowego roku kalendarzowego tj. od 01.01.2024 r. obowi\u0105zuje nowy rozk\u0142ad autobus\u00f3w szkolnych.Linia nr 56 Linia nr 60 Linia nr 56 Otw\u00f3rz Linia nr 60 Otw\u00f3rz\" \/>\n\t\t<script type=\"application\/ld+json\" class=\"aioseo-schema\">\n\t\t\t{\"@context\":\"https:\\\/\\\/schema.org\",\"@graph\":[{\"@type\":\"BlogPosting\",\"@id\":\"https:\\\/\\\/www.spkatarzyna.pl\\\/index.php\\\/2023\\\/12\\\/29\\\/nowy-rozklad-autobusow-szkolnych\\\/#blogposting\",\"name\":\"Nowy rozk\\u0142ad autobus\\u00f3w szkolnych - SP Katarzyna\",\"headline\":\"Nowy rozk\\u0142ad autobus\\u00f3w szkolnych\",\"author\":{\"@id\":\"https:\\\/\\\/www.spkatarzyna.pl\\\/index.php\\\/author\\\/agatasafianspkatarzyna-pl\\\/#author\"},\"publisher\":{\"@id\":\"https:\\\/\\\/www.spkatarzyna.pl\\\/#organization\"},\"image\":{\"@type\":\"ImageObject\",\"url\":\"https:\\\/\\\/www.spkatarzyna.pl\\\/wp-content\\\/uploads\\\/2023\\\/12\\\/information-1481584_640-1.png\",\"width\":360,\"height\":202},\"datePublished\":\"2023-12-29T10:41:02+01:00\",\"dateModified\":\"2023-12-31T13:38:47+01:00\",\"inLanguage\":\"pl-PL\",\"mainEntityOfPage\":{\"@id\":\"https:\\\/\\\/www.spkatarzyna.pl\\\/index.php\\\/2023\\\/12\\\/29\\\/nowy-rozklad-autobusow-szkolnych\\\/#webpage\"},\"isPartOf\":{\"@id\":\"https:\\\/\\\/www.spkatarzyna.pl\\\/index.php\\\/2023\\\/12\\\/29\\\/nowy-rozklad-autobusow-szkolnych\\\/#webpage\"},\"articleSection\":\"Uncategorized\"},{\"@type\":\"BreadcrumbList\",\"@id\":\"https:\\\/\\\/www.spkatarzyna.pl\\\/index.php\\\/2023\\\/12\\\/29\\\/nowy-rozklad-autobusow-szkolnych\\\/#breadcrumblist\",\"itemListElement\":[{\"@type\":\"ListItem\",\"@id\":\"https:\\\/\\\/www.spkatarzyna.pl#listItem\",\"position\":1,\"name\":\"Dom\",\"item\":\"https:\\\/\\\/www.spkatarzyna.pl\",\"nextItem\":{\"@type\":\"ListItem\",\"@id\":\"https:\\\/\\\/www.spkatarzyna.pl\\\/index.php\\\/category\\\/uncategorized\\\/#listItem\",\"name\":\"Uncategorized\"}},{\"@type\":\"ListItem\",\"@id\":\"https:\\\/\\\/www.spkatarzyna.pl\\\/index.php\\\/category\\\/uncategorized\\\/#listItem\",\"position\":2,\"name\":\"Uncategorized\",\"item\":\"https:\\\/\\\/www.spkatarzyna.pl\\\/index.php\\\/category\\\/uncategorized\\\/\",\"nextItem\":{\"@type\":\"ListItem\",\"@id\":\"https:\\\/\\\/www.spkatarzyna.pl\\\/index.php\\\/2023\\\/12\\\/29\\\/nowy-rozklad-autobusow-szkolnych\\\/#listItem\",\"name\":\"Nowy rozk\\u0142ad autobus\\u00f3w szkolnych\"},\"previousItem\":{\"@type\":\"ListItem\",\"@id\":\"https:\\\/\\\/www.spkatarzyna.pl#listItem\",\"name\":\"Dom\"}},{\"@type\":\"ListItem\",\"@id\":\"https:\\\/\\\/www.spkatarzyna.pl\\\/index.php\\\/2023\\\/12\\\/29\\\/nowy-rozklad-autobusow-szkolnych\\\/#listItem\",\"position\":3,\"name\":\"Nowy rozk\\u0142ad autobus\\u00f3w szkolnych\",\"previousItem\":{\"@type\":\"ListItem\",\"@id\":\"https:\\\/\\\/www.spkatarzyna.pl\\\/index.php\\\/category\\\/uncategorized\\\/#listItem\",\"name\":\"Uncategorized\"}}]},{\"@type\":\"Organization\",\"@id\":\"https:\\\/\\\/www.spkatarzyna.pl\\\/#organization\",\"name\":\"SP Katarzyna\",\"description\":\"Publiczna Szko\\u0142a Podstawowa w \\u015awi\\u0119tej Katarzynie\",\"url\":\"https:\\\/\\\/www.spkatarzyna.pl\\\/\",\"telephone\":\"+48713116378\",\"sameAs\":[\"https:\\\/\\\/facebook.com\\\/\",\"https:\\\/\\\/x.com\\\/\",\"https:\\\/\\\/instagram.com\\\/\",\"https:\\\/\\\/pinterest.com\\\/\",\"https:\\\/\\\/youtube.com\\\/\",\"https:\\\/\\\/linkedin.com\\\/in\\\/\"]},{\"@type\":\"Person\",\"@id\":\"https:\\\/\\\/www.spkatarzyna.pl\\\/index.php\\\/author\\\/agatasafianspkatarzyna-pl\\\/#author\",\"url\":\"https:\\\/\\\/www.spkatarzyna.pl\\\/index.php\\\/author\\\/agatasafianspkatarzyna-pl\\\/\",\"name\":\"Redakcja\",\"image\":{\"@type\":\"ImageObject\",\"@id\":\"https:\\\/\\\/www.spkatarzyna.pl\\\/index.php\\\/2023\\\/12\\\/29\\\/nowy-rozklad-autobusow-szkolnych\\\/#authorImage\",\"url\":\"https:\\\/\\\/secure.gravatar.com\\\/avatar\\\/765290513df94d442152250e92b42327?s=96&d=mm&r=g\",\"width\":96,\"height\":96,\"caption\":\"Redakcja\"}},{\"@type\":\"WebPage\",\"@id\":\"https:\\\/\\\/www.spkatarzyna.pl\\\/index.php\\\/2023\\\/12\\\/29\\\/nowy-rozklad-autobusow-szkolnych\\\/#webpage\",\"url\":\"https:\\\/\\\/www.spkatarzyna.pl\\\/index.php\\\/2023\\\/12\\\/29\\\/nowy-rozklad-autobusow-szkolnych\\\/\",\"name\":\"Nowy rozk\\u0142ad autobus\\u00f3w szkolnych - SP Katarzyna\",\"description\":\"Szanowni Pa\\u0144stwo,informujemy, \\u017ce od nowego roku kalendarzowego tj. od 01.01.2024 r. obowi\\u0105zuje nowy rozk\\u0142ad autobus\\u00f3w szkolnych.Linia nr 56 Linia nr 60 Linia nr 56 Otw\\u00f3rz Linia nr 60 Otw\\u00f3rz\",\"inLanguage\":\"pl-PL\",\"isPartOf\":{\"@id\":\"https:\\\/\\\/www.spkatarzyna.pl\\\/#website\"},\"breadcrumb\":{\"@id\":\"https:\\\/\\\/www.spkatarzyna.pl\\\/index.php\\\/2023\\\/12\\\/29\\\/nowy-rozklad-autobusow-szkolnych\\\/#breadcrumblist\"},\"author\":{\"@id\":\"https:\\\/\\\/www.spkatarzyna.pl\\\/index.php\\\/author\\\/agatasafianspkatarzyna-pl\\\/#author\"},\"creator\":{\"@id\":\"https:\\\/\\\/www.spkatarzyna.pl\\\/index.php\\\/author\\\/agatasafianspkatarzyna-pl\\\/#author\"},\"image\":{\"@type\":\"ImageObject\",\"url\":\"https:\\\/\\\/www.spkatarzyna.pl\\\/wp-content\\\/uploads\\\/2023\\\/12\\\/information-1481584_640-1.png\",\"@id\":\"https:\\\/\\\/www.spkatarzyna.pl\\\/index.php\\\/2023\\\/12\\\/29\\\/nowy-rozklad-autobusow-szkolnych\\\/#mainImage\",\"width\":360,\"height\":202},\"primaryImageOfPage\":{\"@id\":\"https:\\\/\\\/www.spkatarzyna.pl\\\/index.php\\\/2023\\\/12\\\/29\\\/nowy-rozklad-autobusow-szkolnych\\\/#mainImage\"},\"datePublished\":\"2023-12-29T10:41:02+01:00\",\"dateModified\":\"2023-12-31T13:38:47+01:00\"},{\"@type\":\"WebSite\",\"@id\":\"https:\\\/\\\/www.spkatarzyna.pl\\\/#website\",\"url\":\"https:\\\/\\\/www.spkatarzyna.pl\\\/\",\"name\":\"SP Katarzyna\",\"description\":\"Publiczna Szko\\u0142a Podstawowa w \\u015awi\\u0119tej Katarzynie\",\"inLanguage\":\"pl-PL\",\"publisher\":{\"@id\":\"https:\\\/\\\/www.spkatarzyna.pl\\\/#organization\"}}]}\n\t\t<\/script>\n\t\t<!-- All in One SEO -->\n\n","aioseo_head_json":{"title":"Nowy rozk\u0142ad autobus\u00f3w szkolnych - SP Katarzyna","description":"Szanowni Pa\u0144stwo,informujemy, \u017ce od nowego roku kalendarzowego tj. od 01.01.2024 r. obowi\u0105zuje nowy rozk\u0142ad autobus\u00f3w szkolnych.Linia nr 56 Linia nr 60 Linia nr 56 Otw\u00f3rz Linia nr 60 Otw\u00f3rz","canonical_url":"https:\/\/www.spkatarzyna.pl\/index.php\/2023\/12\/29\/nowy-rozklad-autobusow-szkolnych\/","robots":"max-image-preview:large","keywords":"","webmasterTools":{"miscellaneous":""},"schema":{"@context":"https:\/\/schema.org","@graph":[{"@type":"BlogPosting","@id":"https:\/\/www.spkatarzyna.pl\/index.php\/2023\/12\/29\/nowy-rozklad-autobusow-szkolnych\/#blogposting","name":"Nowy rozk\u0142ad autobus\u00f3w szkolnych - SP Katarzyna","headline":"Nowy rozk\u0142ad autobus\u00f3w szkolnych","author":{"@id":"https:\/\/www.spkatarzyna.pl\/index.php\/author\/agatasafianspkatarzyna-pl\/#author"},"publisher":{"@id":"https:\/\/www.spkatarzyna.pl\/#organization"},"image":{"@type":"ImageObject","url":"https:\/\/www.spkatarzyna.pl\/wp-content\/uploads\/2023\/12\/information-1481584_640-1.png","width":360,"height":202},"datePublished":"2023-12-29T10:41:02+01:00","dateModified":"2023-12-31T13:38:47+01:00","inLanguage":"pl-PL","mainEntityOfPage":{"@id":"https:\/\/www.spkatarzyna.pl\/index.php\/2023\/12\/29\/nowy-rozklad-autobusow-szkolnych\/#webpage"},"isPartOf":{"@id":"https:\/\/www.spkatarzyna.pl\/index.php\/2023\/12\/29\/nowy-rozklad-autobusow-szkolnych\/#webpage"},"articleSection":"Uncategorized"},{"@type":"BreadcrumbList","@id":"https:\/\/www.spkatarzyna.pl\/index.php\/2023\/12\/29\/nowy-rozklad-autobusow-szkolnych\/#breadcrumblist","itemListElement":[{"@type":"ListItem","@id":"https:\/\/www.spkatarzyna.pl#listItem","position":1,"name":"Dom","item":"https:\/\/www.spkatarzyna.pl","nextItem":{"@type":"ListItem","@id":"https:\/\/www.spkatarzyna.pl\/index.php\/category\/uncategorized\/#listItem","name":"Uncategorized"}},{"@type":"ListItem","@id":"https:\/\/www.spkatarzyna.pl\/index.php\/category\/uncategorized\/#listItem","position":2,"name":"Uncategorized","item":"https:\/\/www.spkatarzyna.pl\/index.php\/category\/uncategorized\/","nextItem":{"@type":"ListItem","@id":"https:\/\/www.spkatarzyna.pl\/index.php\/2023\/12\/29\/nowy-rozklad-autobusow-szkolnych\/#listItem","name":"Nowy rozk\u0142ad autobus\u00f3w szkolnych"},"previousItem":{"@type":"ListItem","@id":"https:\/\/www.spkatarzyna.pl#listItem","name":"Dom"}},{"@type":"ListItem","@id":"https:\/\/www.spkatarzyna.pl\/index.php\/2023\/12\/29\/nowy-rozklad-autobusow-szkolnych\/#listItem","position":3,"name":"Nowy rozk\u0142ad autobus\u00f3w szkolnych","previousItem":{"@type":"ListItem","@id":"https:\/\/www.spkatarzyna.pl\/index.php\/category\/uncategorized\/#listItem","name":"Uncategorized"}}]},{"@type":"Organization","@id":"https:\/\/www.spkatarzyna.pl\/#organization","name":"SP Katarzyna","description":"Publiczna Szko\u0142a Podstawowa w \u015awi\u0119tej Katarzynie","url":"https:\/\/www.spkatarzyna.pl\/","telephone":"+48713116378","sameAs":["https:\/\/facebook.com\/","https:\/\/x.com\/","https:\/\/instagram.com\/","https:\/\/pinterest.com\/","https:\/\/youtube.com\/","https:\/\/linkedin.com\/in\/"]},{"@type":"Person","@id":"https:\/\/www.spkatarzyna.pl\/index.php\/author\/agatasafianspkatarzyna-pl\/#author","url":"https:\/\/www.spkatarzyna.pl\/index.php\/author\/agatasafianspkatarzyna-pl\/","name":"Redakcja","image":{"@type":"ImageObject","@id":"https:\/\/www.spkatarzyna.pl\/index.php\/2023\/12\/29\/nowy-rozklad-autobusow-szkolnych\/#authorImage","url":"https:\/\/secure.gravatar.com\/avatar\/765290513df94d442152250e92b42327?s=96&d=mm&r=g","width":96,"height":96,"caption":"Redakcja"}},{"@type":"WebPage","@id":"https:\/\/www.spkatarzyna.pl\/index.php\/2023\/12\/29\/nowy-rozklad-autobusow-szkolnych\/#webpage","url":"https:\/\/www.spkatarzyna.pl\/index.php\/2023\/12\/29\/nowy-rozklad-autobusow-szkolnych\/","name":"Nowy rozk\u0142ad autobus\u00f3w szkolnych - SP Katarzyna","description":"Szanowni Pa\u0144stwo,informujemy, \u017ce od nowego roku kalendarzowego tj. od 01.01.2024 r. obowi\u0105zuje nowy rozk\u0142ad autobus\u00f3w szkolnych.Linia nr 56 Linia nr 60 Linia nr 56 Otw\u00f3rz Linia nr 60 Otw\u00f3rz","inLanguage":"pl-PL","isPartOf":{"@id":"https:\/\/www.spkatarzyna.pl\/#website"},"breadcrumb":{"@id":"https:\/\/www.spkatarzyna.pl\/index.php\/2023\/12\/29\/nowy-rozklad-autobusow-szkolnych\/#breadcrumblist"},"author":{"@id":"https:\/\/www.spkatarzyna.pl\/index.php\/author\/agatasafianspkatarzyna-pl\/#author"},"creator":{"@id":"https:\/\/www.spkatarzyna.pl\/index.php\/author\/agatasafianspkatarzyna-pl\/#author"},"image":{"@type":"ImageObject","url":"https:\/\/www.spkatarzyna.pl\/wp-content\/uploads\/2023\/12\/information-1481584_640-1.png","@id":"https:\/\/www.spkatarzyna.pl\/index.php\/2023\/12\/29\/nowy-rozklad-autobusow-szkolnych\/#mainImage","width":360,"height":202},"primaryImageOfPage":{"@id":"https:\/\/www.spkatarzyna.pl\/index.php\/2023\/12\/29\/nowy-rozklad-autobusow-szkolnych\/#mainImage"},"datePublished":"2023-12-29T10:41:02+01:00","dateModified":"2023-12-31T13:38:47+01:00"},{"@type":"WebSite","@id":"https:\/\/www.spkatarzyna.pl\/#website","url":"https:\/\/www.spkatarzyna.pl\/","name":"SP Katarzyna","description":"Publiczna Szko\u0142a Podstawowa w \u015awi\u0119tej Katarzynie","inLanguage":"pl-PL","publisher":{"@id":"https:\/\/www.spkatarzyna.pl\/#organization"}}]},"og:locale":"pl_PL","og:site_name":"SP Katarzyna - Publiczna Szko\u0142a Podstawowa w \u015awi\u0119tej Katarzynie","og:type":"article","og:title":"Nowy rozk\u0142ad autobus\u00f3w szkolnych - SP Katarzyna","og:description":"Szanowni Pa\u0144stwo,informujemy, \u017ce od nowego roku kalendarzowego tj. od 01.01.2024 r. obowi\u0105zuje nowy rozk\u0142ad autobus\u00f3w szkolnych.Linia nr 56 Linia nr 60 Linia nr 56 Otw\u00f3rz Linia nr 60 Otw\u00f3rz","og:url":"https:\/\/www.spkatarzyna.pl\/index.php\/2023\/12\/29\/nowy-rozklad-autobusow-szkolnych\/","article:published_time":"2023-12-29T10:41:02+00:00","article:modified_time":"2023-12-31T13:38:47+00:00","twitter:card":"summary_large_image","twitter:title":"Nowy rozk\u0142ad autobus\u00f3w szkolnych - SP Katarzyna","twitter:description":"Szanowni Pa\u0144stwo,informujemy, \u017ce od nowego roku kalendarzowego tj. od 01.01.2024 r. obowi\u0105zuje nowy rozk\u0142ad autobus\u00f3w szkolnych.Linia nr 56 Linia nr 60 Linia nr 56 Otw\u00f3rz Linia nr 60 Otw\u00f3rz"},"aioseo_meta_data":{"post_id":"8472","title":null,"description":null,"keywords":null,"keyphrases":null,"primary_term":null,"canonical_url":null,"og_title":null,"og_description":null,"og_object_type":"default","og_image_type":"default","og_image_url":null,"og_image_width":null,"og_image_height":null,"og_image_custom_url":null,"og_image_custom_fields":null,"og_video":null,"og_custom_url":null,"og_article_section":null,"og_article_tags":null,"twitter_use_og":false,"twitter_card":"default","twitter_image_type":"default","twitter_image_url":null,"twitter_image_custom_url":null,"twitter_image_custom_fields":null,"twitter_title":null,"twitter_description":null,"schema":{"blockGraphs":[],"customGraphs":[],"default":{"data":{"Article":[],"Course":[],"Dataset":[],"FAQPage":[],"Movie":[],"Person":[],"Product":[],"ProductReview":[],"Car":[],"Recipe":[],"Service":[],"SoftwareApplication":[],"WebPage":[]},"graphName":"","isEnabled":true},"graphs":[]},"schema_type":"default","schema_type_options":null,"pillar_content":false,"robots_default":true,"robots_noindex":false,"robots_noarchive":false,"robots_nosnippet":false,"robots_nofollow":false,"robots_noimageindex":false,"robots_noodp":false,"robots_notranslate":false,"robots_max_snippet":null,"robots_max_videopreview":null,"robots_max_imagepreview":"large","priority":null,"frequency":null,"local_seo":null,"limit_modified_date":false,"created":"2024-04-03 08:43:54","updated":"2026-09-03 15:07:19","focus_keyword":null,"additional_keywords":null,"truseo_locale":null,"ai":null,"breadcrumb_settings":null,"seo_analyzer_scan_date":null},"aioseo_breadcrumb":"<div class=\"aioseo-breadcrumbs\"><span class=\"aioseo-breadcrumb\">\n\t\t\t<a href=\"https:\/\/www.spkatarzyna.pl\" title=\"Dom\">Dom<\/a>\n\t\t<\/span><span class=\"aioseo-breadcrumb-separator\">&raquo;<\/span><span class=\"aioseo-breadcrumb\">\n\t\t\t<a href=\"https:\/\/www.spkatarzyna.pl\/index.php\/category\/uncategorized\/\" title=\"Uncategorized\">Uncategorized<\/a>\n\t\t<\/span><span class=\"aioseo-breadcrumb-separator\">&raquo;<\/span><span class=\"aioseo-breadcrumb\">\n\t\t\tNowy rozk\u0142ad autobus\u00f3w szkolnych\n\t\t<\/span><\/div>","aioseo_breadcrumb_json":[{"label":"Dom","link":"https:\/\/www.spkatarzyna.pl"},{"label":"Uncategorized","link":"https:\/\/www.spkatarzyna.pl\/index.php\/category\/uncategorized\/"},{"label":"Nowy rozk\u0142ad autobus\u00f3w szkolnych","link":"https:\/\/www.spkatarzyna.pl\/index.php\/2023\/12\/29\/nowy-rozklad-autobusow-szkolnych\/"}],"_links":{"self":[{"href":"https:\/\/www.spkatarzyna.pl\/index.php\/wp-json\/wp\/v2\/posts\/8472","targetHints":{"allow":["GET"]}}],"collection":[{"href":"https:\/\/www.spkatarzyna.pl\/index.php\/wp-json\/wp\/v2\/posts"}],"about":[{"href":"https:\/\/www.spkatarzyna.pl\/index.php\/wp-json\/wp\/v2\/types\/post"}],"author":[{"embeddable":true,"href":"https:\/\/www.spkatarzyna.pl\/index.php\/wp-json\/wp\/v2\/users\/6"}],"replies":[{"embeddable":true,"href":"https:\/\/www.spkatarzyna.pl\/index.php\/wp-json\/wp\/v2\/comments?post=8472"}],"version-history":[{"count":22,"href":"https:\/\/www.spkatarzyna.pl\/index.php\/wp-json\/wp\/v2\/posts\/8472\/revisions"}],"predecessor-version":[{"id":8520,"href":"https:\/\/www.spkatarzyna.pl\/index.php\/wp-json\/wp\/v2\/posts\/8472\/revisions\/8520"}],"wp:featuredmedia":[{"embeddable":true,"href":"https:\/\/www.spkatarzyna.pl\/index.php\/wp-json\/wp\/v2\/media\/8473"}],"wp:attachment":[{"href":"https:\/\/www.spkatarzyna.pl\/index.php\/wp-json\/wp\/v2\/media?parent=8472"}],"wp:term":[{"taxonomy":"category","embeddable":true,"href":"https:\/\/www.spkatarzyna.pl\/index.php\/wp-json\/wp\/v2\/categories?post=8472"},{"taxonomy":"post_tag","embeddable":true,"href":"https:\/\/www.spkatarzyna.pl\/index.php\/wp-json\/wp\/v2\/tags?post=8472"}],"curies":[{"name":"wp","href":"https:\/\/api.w.org\/{rel}","templated":true}]}}