{"id":8535,"date":"2024-01-03T20:40:23","date_gmt":"2024-01-03T20:40:23","guid":{"rendered":"http:\/\/www.spkatarzyna.pl\/?p=8535"},"modified":"2024-01-03T20:41:59","modified_gmt":"2024-01-03T20:41:59","slug":"sukces-uczniow-w-biegu-sylwestrowym","status":"publish","type":"post","link":"https:\/\/www.spkatarzyna.pl\/index.php\/2024\/01\/03\/sukces-uczniow-w-biegu-sylwestrowym\/","title":{"rendered":"Sukces uczni\u00f3w w Biegu Sylwestrowym"},"content":{"rendered":"\t\t<div data-elementor-type=\"wp-post\" data-elementor-id=\"8535\" class=\"elementor elementor-8535\">\n\t\t\t\t\t\t<section class=\"elementor-section elementor-top-section elementor-element elementor-element-4543fbd9 elementor-section-boxed elementor-section-height-default elementor-section-height-default\" data-id=\"4543fbd9\" data-element_type=\"section\">\n\t\t\t\t\t\t<div class=\"elementor-container elementor-column-gap-default\">\n\t\t\t\t\t<div class=\"elementor-column elementor-col-100 elementor-top-column elementor-element elementor-element-51ced591\" data-id=\"51ced591\" data-element_type=\"column\">\n\t\t\t<div class=\"elementor-widget-wrap elementor-element-populated\">\n\t\t\t\t\t\t<div class=\"elementor-element elementor-element-5c3f1ee7 elementor-widget elementor-widget-text-editor\" data-id=\"5c3f1ee7\" data-element_type=\"widget\" data-widget_type=\"text-editor.default\">\n\t\t\t\t\t\t\t\t\t<p style=\"text-align: justify;\"><span style=\"font-size: 14pt; color: #000000;\">Uczniowie naszej szko\u0142y &#8211; Maciej Puk (klasa 4a) i Martyna Puk (klasa 1c) s\u0105 aktywnymi zawodnikami lekkoatletycznymi. Nie pr\u00f3\u017cnowali r\u00f3wnie\u017c w trakcie przerwy \u015bwi\u0105tecznej i wzi\u0119li udzia\u0142 w Biegu Sylwestrowym w Trzebnicy na 1 km zajmuj\u0105c dru\u017cynowo 3 miejsce! O ile forma Macieja nikogo ju\u017c nie dziwi (uzyskuje czasy zbli\u017cone do rekordu Polski), to na du\u017cy podziw zas\u0142uguje wyczyn Martynki &#8211; nie tylko uko\u0144czy\u0142a 1000 m sprintem, ale te\u017c wyprzedzi\u0142a wiele starszych zawodniczek.<\/span><\/p>\r\n<p style=\"text-align: justify;\"><span style=\"font-size: 14pt; color: #000000;\">Gratulujemy sukces\u00f3w i \u017cyczymy du\u017co zdrowia w Nowym Roku!<\/span><\/p>\t\t\t\t\t\t\t\t<\/div>\n\t\t\t\t\t<\/div>\n\t\t<\/div>\n\t\t\t\t\t<\/div>\n\t\t<\/section>\n\t\t\t\t<section class=\"elementor-section elementor-top-section elementor-element elementor-element-d28c4f7 elementor-section-boxed elementor-section-height-default elementor-section-height-default\" data-id=\"d28c4f7\" data-element_type=\"section\">\n\t\t\t\t\t\t<div class=\"elementor-container elementor-column-gap-default\">\n\t\t\t\t\t<div class=\"elementor-column elementor-col-100 elementor-top-column elementor-element elementor-element-babccff\" data-id=\"babccff\" data-element_type=\"column\">\n\t\t\t<div class=\"elementor-widget-wrap elementor-element-populated\">\n\t\t\t\t\t\t<div class=\"elementor-element elementor-element-1d504ee elementor-widget elementor-widget-image-gallery\" data-id=\"1d504ee\" data-element_type=\"widget\" data-widget_type=\"image-gallery.default\">\n\t\t\t\t\t\t\t<div class=\"elementor-image-gallery\">\n\t\t\t\n\t\t<div id='gallery-1' class='gallery galleryid-8535 gallery-columns-5 gallery-size-thumbnail gallery1'><script type=\"text\/javascript\">\n\/\/ <![CDATA[\n\tjQuery(document).ready(function () {\n\t\tjQuery(\".gallery1 a\").attr(\"rel\",\"gallery1\");\t\n\t\tjQuery('a[rel=\"gallery1\"]').colorbox({title: function(){ return jQuery(this).children().attr(\"alt\"); }});\n\t});\n\/\/ ]]>\n<\/script>\n<dl class=\"gallery-item\">\n<dt class=\"gallery-icon\">\n<a href=\"https:\/\/www.spkatarzyna.pl\/wp-content\/uploads\/2024\/01\/IMG_0760-188x300.jpg\" title=\"\" rel=\"gallery1\" rel=\"lightbox[8535]\"><img decoding=\"async\" src=\"https:\/\/www.spkatarzyna.pl\/wp-content\/uploads\/2024\/01\/IMG_0760-150x150.jpg\" width=\"150\" height=\"150\" alt=\"\" \/><\/a>\n<\/dt><\/dl><dl class=\"gallery-item\">\n<dt class=\"gallery-icon\">\n<a href=\"https:\/\/www.spkatarzyna.pl\/wp-content\/uploads\/2024\/01\/IMG_0757-193x300.jpg\" title=\"\" rel=\"gallery1\" rel=\"lightbox[8535]\"><img decoding=\"async\" src=\"https:\/\/www.spkatarzyna.pl\/wp-content\/uploads\/2024\/01\/IMG_0757-150x150.jpg\" width=\"150\" height=\"150\" alt=\"\" \/><\/a>\n<\/dt><\/dl><dl class=\"gallery-item\">\n<dt class=\"gallery-icon\">\n<a href=\"https:\/\/www.spkatarzyna.pl\/wp-content\/uploads\/2024\/01\/IMG_0761-192x300.jpg\" title=\"\" rel=\"gallery1\" rel=\"lightbox[8535]\"><img decoding=\"async\" src=\"https:\/\/www.spkatarzyna.pl\/wp-content\/uploads\/2024\/01\/IMG_0761-150x150.jpg\" width=\"150\" height=\"150\" alt=\"\" \/><\/a>\n<\/dt><\/dl><dl class=\"gallery-item\">\n<dt class=\"gallery-icon\">\n<a href=\"https:\/\/www.spkatarzyna.pl\/wp-content\/uploads\/2024\/01\/IMG_0764-225x300.jpg\" title=\"\" rel=\"gallery1\" rel=\"lightbox[8535]\"><img loading=\"lazy\" decoding=\"async\" src=\"https:\/\/www.spkatarzyna.pl\/wp-content\/uploads\/2024\/01\/IMG_0764-150x150.jpg\" width=\"150\" height=\"150\" alt=\"\" \/><\/a>\n<\/dt><\/dl><dl class=\"gallery-item\">\n<dt class=\"gallery-icon\">\n<a href=\"https:\/\/www.spkatarzyna.pl\/wp-content\/uploads\/2024\/01\/IMG_0762-201x300.jpg\" title=\"\" rel=\"gallery1\" rel=\"lightbox[8535]\"><img loading=\"lazy\" decoding=\"async\" src=\"https:\/\/www.spkatarzyna.pl\/wp-content\/uploads\/2024\/01\/IMG_0762-150x150.jpg\" width=\"150\" height=\"150\" alt=\"\" \/><\/a>\n<\/dt><\/dl><br style=\"clear: both\" \/><br style=\"clear: both\" \/><\/div>\t\t<\/div>\n\t\t\t\t\t\t<\/div>\n\t\t\t\t\t<\/div>\n\t\t<\/div>\n\t\t\t\t\t<\/div>\n\t\t<\/section>\n\t\t\t\t<\/div>\n\t\t","protected":false},"excerpt":{"rendered":"<p>Uczniowie naszej szko\u0142y &#8211; Maciej Puk (klasa 4a) i Martyna Puk (klasa 1c) s\u0105 aktywnymi zawodnikami lekkoatletycznymi. Nie pr\u00f3\u017cnowali r\u00f3wnie\u017c w trakcie przerwy \u015bwi\u0105tecznej i wzi\u0119li udzia\u0142 w Biegu Sylwestrowym w Trzebnicy na 1 km zajmuj\u0105c dru\u017cynowo 3 miejsce! O ile forma Macieja nikogo ju\u017c nie dziwi (uzyskuje czasy zbli\u017cone [&hellip;]<\/p>\n","protected":false},"author":6,"featured_media":8536,"comment_status":"open","ping_status":"open","sticky":false,"template":"","format":"standard","meta":{"om_disable_all_campaigns":false,"_monsterinsights_skip_tracking":false,"ngg_post_thumbnail":0,"footnotes":""},"categories":[1],"tags":[],"class_list":["post-8535","post","type-post","status-publish","format-standard","has-post-thumbnail","hentry","category-uncategorized"],"aioseo_notices":[],"aioseo_head":"\n\t\t<!-- All in One SEO 5.0.1.1 - aioseo.com -->\n\t<meta name=\"description\" content=\"Uczniowie naszej szko\u0142y \u2013 Maciej Puk (klasa 4a) i Martyna Puk (klasa 1c) s\u0105 aktywnymi zawodnikami lekkoatletycznymi. Nie pr\u00f3\u017cnowali r\u00f3wnie\u017c w trakcie przerwy \u015bwi\u0105tecznej i wzi\u0119li udzia\u0142 w Biegu Sylwestrowym w Trzebnicy na 1 km zajmuj\u0105c dru\u017cynowo 3 miejsce! O ile forma Macieja nikogo ju\u017c nie dziwi (uzyskuje czasy zbli\u017cone do rekordu Polski), to na\" \/>\n\t<meta name=\"robots\" content=\"max-image-preview:large\" \/>\n\t<meta name=\"author\" content=\"Redakcja\"\/>\n\t<link rel=\"canonical\" href=\"https:\/\/www.spkatarzyna.pl\/index.php\/2024\/01\/03\/sukces-uczniow-w-biegu-sylwestrowym\/\" \/>\n\t<meta name=\"generator\" content=\"All in One SEO (AIOSEO) 5.0.1.1\" \/>\n\t\t<meta property=\"og:locale\" content=\"pl_PL\" \/>\n\t\t<meta property=\"og:site_name\" content=\"SP Katarzyna - Publiczna Szko\u0142a Podstawowa w \u015awi\u0119tej Katarzynie\" \/>\n\t\t<meta property=\"og:type\" content=\"article\" \/>\n\t\t<meta property=\"og:title\" content=\"Sukces uczni\u00f3w w Biegu Sylwestrowym - SP Katarzyna\" \/>\n\t\t<meta property=\"og:description\" content=\"Uczniowie naszej szko\u0142y \u2013 Maciej Puk (klasa 4a) i Martyna Puk (klasa 1c) s\u0105 aktywnymi zawodnikami lekkoatletycznymi. Nie pr\u00f3\u017cnowali r\u00f3wnie\u017c w trakcie przerwy \u015bwi\u0105tecznej i wzi\u0119li udzia\u0142 w Biegu Sylwestrowym w Trzebnicy na 1 km zajmuj\u0105c dru\u017cynowo 3 miejsce! O ile forma Macieja nikogo ju\u017c nie dziwi (uzyskuje czasy zbli\u017cone do rekordu Polski), to na\" \/>\n\t\t<meta property=\"og:url\" content=\"https:\/\/www.spkatarzyna.pl\/index.php\/2024\/01\/03\/sukces-uczniow-w-biegu-sylwestrowym\/\" \/>\n\t\t<meta property=\"article:published_time\" content=\"2024-01-03T20:40:23+00:00\" \/>\n\t\t<meta property=\"article:modified_time\" content=\"2024-01-03T20:41:59+00:00\" \/>\n\t\t<meta name=\"twitter:card\" content=\"summary_large_image\" \/>\n\t\t<meta name=\"twitter:title\" content=\"Sukces uczni\u00f3w w Biegu Sylwestrowym - SP Katarzyna\" \/>\n\t\t<meta name=\"twitter:description\" content=\"Uczniowie naszej szko\u0142y \u2013 Maciej Puk (klasa 4a) i Martyna Puk (klasa 1c) s\u0105 aktywnymi zawodnikami lekkoatletycznymi. Nie pr\u00f3\u017cnowali r\u00f3wnie\u017c w trakcie przerwy \u015bwi\u0105tecznej i wzi\u0119li udzia\u0142 w Biegu Sylwestrowym w Trzebnicy na 1 km zajmuj\u0105c dru\u017cynowo 3 miejsce! O ile forma Macieja nikogo ju\u017c nie dziwi (uzyskuje czasy zbli\u017cone do rekordu Polski), to na\" \/>\n\t\t<script type=\"application\/ld+json\" class=\"aioseo-schema\">\n\t\t\t{\"@context\":\"https:\\\/\\\/schema.org\",\"@graph\":[{\"@type\":\"BlogPosting\",\"@id\":\"https:\\\/\\\/www.spkatarzyna.pl\\\/index.php\\\/2024\\\/01\\\/03\\\/sukces-uczniow-w-biegu-sylwestrowym\\\/#blogposting\",\"name\":\"Sukces uczni\\u00f3w w Biegu Sylwestrowym - SP Katarzyna\",\"headline\":\"Sukces uczni\\u00f3w w Biegu Sylwestrowym\",\"author\":{\"@id\":\"https:\\\/\\\/www.spkatarzyna.pl\\\/index.php\\\/author\\\/agatasafianspkatarzyna-pl\\\/#author\"},\"publisher\":{\"@id\":\"https:\\\/\\\/www.spkatarzyna.pl\\\/#organization\"},\"image\":{\"@type\":\"ImageObject\",\"url\":\"https:\\\/\\\/www.spkatarzyna.pl\\\/wp-content\\\/uploads\\\/2024\\\/01\\\/IMG_0764-1.jpg\",\"width\":360,\"height\":202},\"datePublished\":\"2024-01-03T20:40:23+01:00\",\"dateModified\":\"2024-01-03T20:41:59+01:00\",\"inLanguage\":\"pl-PL\",\"mainEntityOfPage\":{\"@id\":\"https:\\\/\\\/www.spkatarzyna.pl\\\/index.php\\\/2024\\\/01\\\/03\\\/sukces-uczniow-w-biegu-sylwestrowym\\\/#webpage\"},\"isPartOf\":{\"@id\":\"https:\\\/\\\/www.spkatarzyna.pl\\\/index.php\\\/2024\\\/01\\\/03\\\/sukces-uczniow-w-biegu-sylwestrowym\\\/#webpage\"},\"articleSection\":\"Uncategorized\"},{\"@type\":\"BreadcrumbList\",\"@id\":\"https:\\\/\\\/www.spkatarzyna.pl\\\/index.php\\\/2024\\\/01\\\/03\\\/sukces-uczniow-w-biegu-sylwestrowym\\\/#breadcrumblist\",\"itemListElement\":[{\"@type\":\"ListItem\",\"@id\":\"https:\\\/\\\/www.spkatarzyna.pl#listItem\",\"position\":1,\"name\":\"Dom\",\"item\":\"https:\\\/\\\/www.spkatarzyna.pl\",\"nextItem\":{\"@type\":\"ListItem\",\"@id\":\"https:\\\/\\\/www.spkatarzyna.pl\\\/index.php\\\/category\\\/uncategorized\\\/#listItem\",\"name\":\"Uncategorized\"}},{\"@type\":\"ListItem\",\"@id\":\"https:\\\/\\\/www.spkatarzyna.pl\\\/index.php\\\/category\\\/uncategorized\\\/#listItem\",\"position\":2,\"name\":\"Uncategorized\",\"item\":\"https:\\\/\\\/www.spkatarzyna.pl\\\/index.php\\\/category\\\/uncategorized\\\/\",\"nextItem\":{\"@type\":\"ListItem\",\"@id\":\"https:\\\/\\\/www.spkatarzyna.pl\\\/index.php\\\/2024\\\/01\\\/03\\\/sukces-uczniow-w-biegu-sylwestrowym\\\/#listItem\",\"name\":\"Sukces uczni\\u00f3w w Biegu Sylwestrowym\"},\"previousItem\":{\"@type\":\"ListItem\",\"@id\":\"https:\\\/\\\/www.spkatarzyna.pl#listItem\",\"name\":\"Dom\"}},{\"@type\":\"ListItem\",\"@id\":\"https:\\\/\\\/www.spkatarzyna.pl\\\/index.php\\\/2024\\\/01\\\/03\\\/sukces-uczniow-w-biegu-sylwestrowym\\\/#listItem\",\"position\":3,\"name\":\"Sukces uczni\\u00f3w w Biegu Sylwestrowym\",\"previousItem\":{\"@type\":\"ListItem\",\"@id\":\"https:\\\/\\\/www.spkatarzyna.pl\\\/index.php\\\/category\\\/uncategorized\\\/#listItem\",\"name\":\"Uncategorized\"}}]},{\"@type\":\"Organization\",\"@id\":\"https:\\\/\\\/www.spkatarzyna.pl\\\/#organization\",\"name\":\"SP Katarzyna\",\"description\":\"Publiczna Szko\\u0142a Podstawowa w \\u015awi\\u0119tej Katarzynie\",\"url\":\"https:\\\/\\\/www.spkatarzyna.pl\\\/\",\"telephone\":\"+48713116378\",\"sameAs\":[\"https:\\\/\\\/facebook.com\\\/\",\"https:\\\/\\\/x.com\\\/\",\"https:\\\/\\\/instagram.com\\\/\",\"https:\\\/\\\/pinterest.com\\\/\",\"https:\\\/\\\/youtube.com\\\/\",\"https:\\\/\\\/linkedin.com\\\/in\\\/\"]},{\"@type\":\"Person\",\"@id\":\"https:\\\/\\\/www.spkatarzyna.pl\\\/index.php\\\/author\\\/agatasafianspkatarzyna-pl\\\/#author\",\"url\":\"https:\\\/\\\/www.spkatarzyna.pl\\\/index.php\\\/author\\\/agatasafianspkatarzyna-pl\\\/\",\"name\":\"Redakcja\",\"image\":{\"@type\":\"ImageObject\",\"@id\":\"https:\\\/\\\/www.spkatarzyna.pl\\\/index.php\\\/2024\\\/01\\\/03\\\/sukces-uczniow-w-biegu-sylwestrowym\\\/#authorImage\",\"url\":\"https:\\\/\\\/secure.gravatar.com\\\/avatar\\\/765290513df94d442152250e92b42327?s=96&d=mm&r=g\",\"width\":96,\"height\":96,\"caption\":\"Redakcja\"}},{\"@type\":\"WebPage\",\"@id\":\"https:\\\/\\\/www.spkatarzyna.pl\\\/index.php\\\/2024\\\/01\\\/03\\\/sukces-uczniow-w-biegu-sylwestrowym\\\/#webpage\",\"url\":\"https:\\\/\\\/www.spkatarzyna.pl\\\/index.php\\\/2024\\\/01\\\/03\\\/sukces-uczniow-w-biegu-sylwestrowym\\\/\",\"name\":\"Sukces uczni\\u00f3w w Biegu Sylwestrowym - SP Katarzyna\",\"description\":\"Uczniowie naszej szko\\u0142y \\u2013 Maciej Puk (klasa 4a) i Martyna Puk (klasa 1c) s\\u0105 aktywnymi zawodnikami lekkoatletycznymi. Nie pr\\u00f3\\u017cnowali r\\u00f3wnie\\u017c w trakcie przerwy \\u015bwi\\u0105tecznej i wzi\\u0119li udzia\\u0142 w Biegu Sylwestrowym w Trzebnicy na 1 km zajmuj\\u0105c dru\\u017cynowo 3 miejsce! O ile forma Macieja nikogo ju\\u017c nie dziwi (uzyskuje czasy zbli\\u017cone do rekordu Polski), to na\",\"inLanguage\":\"pl-PL\",\"isPartOf\":{\"@id\":\"https:\\\/\\\/www.spkatarzyna.pl\\\/#website\"},\"breadcrumb\":{\"@id\":\"https:\\\/\\\/www.spkatarzyna.pl\\\/index.php\\\/2024\\\/01\\\/03\\\/sukces-uczniow-w-biegu-sylwestrowym\\\/#breadcrumblist\"},\"author\":{\"@id\":\"https:\\\/\\\/www.spkatarzyna.pl\\\/index.php\\\/author\\\/agatasafianspkatarzyna-pl\\\/#author\"},\"creator\":{\"@id\":\"https:\\\/\\\/www.spkatarzyna.pl\\\/index.php\\\/author\\\/agatasafianspkatarzyna-pl\\\/#author\"},\"image\":{\"@type\":\"ImageObject\",\"url\":\"https:\\\/\\\/www.spkatarzyna.pl\\\/wp-content\\\/uploads\\\/2024\\\/01\\\/IMG_0764-1.jpg\",\"@id\":\"https:\\\/\\\/www.spkatarzyna.pl\\\/index.php\\\/2024\\\/01\\\/03\\\/sukces-uczniow-w-biegu-sylwestrowym\\\/#mainImage\",\"width\":360,\"height\":202},\"primaryImageOfPage\":{\"@id\":\"https:\\\/\\\/www.spkatarzyna.pl\\\/index.php\\\/2024\\\/01\\\/03\\\/sukces-uczniow-w-biegu-sylwestrowym\\\/#mainImage\"},\"datePublished\":\"2024-01-03T20:40:23+01:00\",\"dateModified\":\"2024-01-03T20:41:59+01:00\"},{\"@type\":\"WebSite\",\"@id\":\"https:\\\/\\\/www.spkatarzyna.pl\\\/#website\",\"url\":\"https:\\\/\\\/www.spkatarzyna.pl\\\/\",\"name\":\"SP Katarzyna\",\"description\":\"Publiczna Szko\\u0142a Podstawowa w \\u015awi\\u0119tej Katarzynie\",\"inLanguage\":\"pl-PL\",\"publisher\":{\"@id\":\"https:\\\/\\\/www.spkatarzyna.pl\\\/#organization\"}}]}\n\t\t<\/script>\n\t\t<!-- All in One SEO -->\n\n","aioseo_head_json":{"title":"Sukces uczni\u00f3w w Biegu Sylwestrowym - SP Katarzyna","description":"Uczniowie naszej szko\u0142y \u2013 Maciej Puk (klasa 4a) i Martyna Puk (klasa 1c) s\u0105 aktywnymi zawodnikami lekkoatletycznymi. Nie pr\u00f3\u017cnowali r\u00f3wnie\u017c w trakcie przerwy \u015bwi\u0105tecznej i wzi\u0119li udzia\u0142 w Biegu Sylwestrowym w Trzebnicy na 1 km zajmuj\u0105c dru\u017cynowo 3 miejsce! O ile forma Macieja nikogo ju\u017c nie dziwi (uzyskuje czasy zbli\u017cone do rekordu Polski), to na","canonical_url":"https:\/\/www.spkatarzyna.pl\/index.php\/2024\/01\/03\/sukces-uczniow-w-biegu-sylwestrowym\/","robots":"max-image-preview:large","keywords":"","webmasterTools":{"miscellaneous":""},"schema":{"@context":"https:\/\/schema.org","@graph":[{"@type":"BlogPosting","@id":"https:\/\/www.spkatarzyna.pl\/index.php\/2024\/01\/03\/sukces-uczniow-w-biegu-sylwestrowym\/#blogposting","name":"Sukces uczni\u00f3w w Biegu Sylwestrowym - SP Katarzyna","headline":"Sukces uczni\u00f3w w Biegu Sylwestrowym","author":{"@id":"https:\/\/www.spkatarzyna.pl\/index.php\/author\/agatasafianspkatarzyna-pl\/#author"},"publisher":{"@id":"https:\/\/www.spkatarzyna.pl\/#organization"},"image":{"@type":"ImageObject","url":"https:\/\/www.spkatarzyna.pl\/wp-content\/uploads\/2024\/01\/IMG_0764-1.jpg","width":360,"height":202},"datePublished":"2024-01-03T20:40:23+01:00","dateModified":"2024-01-03T20:41:59+01:00","inLanguage":"pl-PL","mainEntityOfPage":{"@id":"https:\/\/www.spkatarzyna.pl\/index.php\/2024\/01\/03\/sukces-uczniow-w-biegu-sylwestrowym\/#webpage"},"isPartOf":{"@id":"https:\/\/www.spkatarzyna.pl\/index.php\/2024\/01\/03\/sukces-uczniow-w-biegu-sylwestrowym\/#webpage"},"articleSection":"Uncategorized"},{"@type":"BreadcrumbList","@id":"https:\/\/www.spkatarzyna.pl\/index.php\/2024\/01\/03\/sukces-uczniow-w-biegu-sylwestrowym\/#breadcrumblist","itemListElement":[{"@type":"ListItem","@id":"https:\/\/www.spkatarzyna.pl#listItem","position":1,"name":"Dom","item":"https:\/\/www.spkatarzyna.pl","nextItem":{"@type":"ListItem","@id":"https:\/\/www.spkatarzyna.pl\/index.php\/category\/uncategorized\/#listItem","name":"Uncategorized"}},{"@type":"ListItem","@id":"https:\/\/www.spkatarzyna.pl\/index.php\/category\/uncategorized\/#listItem","position":2,"name":"Uncategorized","item":"https:\/\/www.spkatarzyna.pl\/index.php\/category\/uncategorized\/","nextItem":{"@type":"ListItem","@id":"https:\/\/www.spkatarzyna.pl\/index.php\/2024\/01\/03\/sukces-uczniow-w-biegu-sylwestrowym\/#listItem","name":"Sukces uczni\u00f3w w Biegu Sylwestrowym"},"previousItem":{"@type":"ListItem","@id":"https:\/\/www.spkatarzyna.pl#listItem","name":"Dom"}},{"@type":"ListItem","@id":"https:\/\/www.spkatarzyna.pl\/index.php\/2024\/01\/03\/sukces-uczniow-w-biegu-sylwestrowym\/#listItem","position":3,"name":"Sukces uczni\u00f3w w Biegu Sylwestrowym","previousItem":{"@type":"ListItem","@id":"https:\/\/www.spkatarzyna.pl\/index.php\/category\/uncategorized\/#listItem","name":"Uncategorized"}}]},{"@type":"Organization","@id":"https:\/\/www.spkatarzyna.pl\/#organization","name":"SP Katarzyna","description":"Publiczna Szko\u0142a Podstawowa w \u015awi\u0119tej Katarzynie","url":"https:\/\/www.spkatarzyna.pl\/","telephone":"+48713116378","sameAs":["https:\/\/facebook.com\/","https:\/\/x.com\/","https:\/\/instagram.com\/","https:\/\/pinterest.com\/","https:\/\/youtube.com\/","https:\/\/linkedin.com\/in\/"]},{"@type":"Person","@id":"https:\/\/www.spkatarzyna.pl\/index.php\/author\/agatasafianspkatarzyna-pl\/#author","url":"https:\/\/www.spkatarzyna.pl\/index.php\/author\/agatasafianspkatarzyna-pl\/","name":"Redakcja","image":{"@type":"ImageObject","@id":"https:\/\/www.spkatarzyna.pl\/index.php\/2024\/01\/03\/sukces-uczniow-w-biegu-sylwestrowym\/#authorImage","url":"https:\/\/secure.gravatar.com\/avatar\/765290513df94d442152250e92b42327?s=96&d=mm&r=g","width":96,"height":96,"caption":"Redakcja"}},{"@type":"WebPage","@id":"https:\/\/www.spkatarzyna.pl\/index.php\/2024\/01\/03\/sukces-uczniow-w-biegu-sylwestrowym\/#webpage","url":"https:\/\/www.spkatarzyna.pl\/index.php\/2024\/01\/03\/sukces-uczniow-w-biegu-sylwestrowym\/","name":"Sukces uczni\u00f3w w Biegu Sylwestrowym - SP Katarzyna","description":"Uczniowie naszej szko\u0142y \u2013 Maciej Puk (klasa 4a) i Martyna Puk (klasa 1c) s\u0105 aktywnymi zawodnikami lekkoatletycznymi. Nie pr\u00f3\u017cnowali r\u00f3wnie\u017c w trakcie przerwy \u015bwi\u0105tecznej i wzi\u0119li udzia\u0142 w Biegu Sylwestrowym w Trzebnicy na 1 km zajmuj\u0105c dru\u017cynowo 3 miejsce! O ile forma Macieja nikogo ju\u017c nie dziwi (uzyskuje czasy zbli\u017cone do rekordu Polski), to na","inLanguage":"pl-PL","isPartOf":{"@id":"https:\/\/www.spkatarzyna.pl\/#website"},"breadcrumb":{"@id":"https:\/\/www.spkatarzyna.pl\/index.php\/2024\/01\/03\/sukces-uczniow-w-biegu-sylwestrowym\/#breadcrumblist"},"author":{"@id":"https:\/\/www.spkatarzyna.pl\/index.php\/author\/agatasafianspkatarzyna-pl\/#author"},"creator":{"@id":"https:\/\/www.spkatarzyna.pl\/index.php\/author\/agatasafianspkatarzyna-pl\/#author"},"image":{"@type":"ImageObject","url":"https:\/\/www.spkatarzyna.pl\/wp-content\/uploads\/2024\/01\/IMG_0764-1.jpg","@id":"https:\/\/www.spkatarzyna.pl\/index.php\/2024\/01\/03\/sukces-uczniow-w-biegu-sylwestrowym\/#mainImage","width":360,"height":202},"primaryImageOfPage":{"@id":"https:\/\/www.spkatarzyna.pl\/index.php\/2024\/01\/03\/sukces-uczniow-w-biegu-sylwestrowym\/#mainImage"},"datePublished":"2024-01-03T20:40:23+01:00","dateModified":"2024-01-03T20:41:59+01:00"},{"@type":"WebSite","@id":"https:\/\/www.spkatarzyna.pl\/#website","url":"https:\/\/www.spkatarzyna.pl\/","name":"SP Katarzyna","description":"Publiczna Szko\u0142a Podstawowa w \u015awi\u0119tej Katarzynie","inLanguage":"pl-PL","publisher":{"@id":"https:\/\/www.spkatarzyna.pl\/#organization"}}]},"og:locale":"pl_PL","og:site_name":"SP Katarzyna - Publiczna Szko\u0142a Podstawowa w \u015awi\u0119tej Katarzynie","og:type":"article","og:title":"Sukces uczni\u00f3w w Biegu Sylwestrowym - SP Katarzyna","og:description":"Uczniowie naszej szko\u0142y \u2013 Maciej Puk (klasa 4a) i Martyna Puk (klasa 1c) s\u0105 aktywnymi zawodnikami lekkoatletycznymi. Nie pr\u00f3\u017cnowali r\u00f3wnie\u017c w trakcie przerwy \u015bwi\u0105tecznej i wzi\u0119li udzia\u0142 w Biegu Sylwestrowym w Trzebnicy na 1 km zajmuj\u0105c dru\u017cynowo 3 miejsce! O ile forma Macieja nikogo ju\u017c nie dziwi (uzyskuje czasy zbli\u017cone do rekordu Polski), to na","og:url":"https:\/\/www.spkatarzyna.pl\/index.php\/2024\/01\/03\/sukces-uczniow-w-biegu-sylwestrowym\/","article:published_time":"2024-01-03T20:40:23+00:00","article:modified_time":"2024-01-03T20:41:59+00:00","twitter:card":"summary_large_image","twitter:title":"Sukces uczni\u00f3w w Biegu Sylwestrowym - SP Katarzyna","twitter:description":"Uczniowie naszej szko\u0142y \u2013 Maciej Puk (klasa 4a) i Martyna Puk (klasa 1c) s\u0105 aktywnymi zawodnikami lekkoatletycznymi. Nie pr\u00f3\u017cnowali r\u00f3wnie\u017c w trakcie przerwy \u015bwi\u0105tecznej i wzi\u0119li udzia\u0142 w Biegu Sylwestrowym w Trzebnicy na 1 km zajmuj\u0105c dru\u017cynowo 3 miejsce! O ile forma Macieja nikogo ju\u017c nie dziwi (uzyskuje czasy zbli\u017cone do rekordu Polski), to na"},"aioseo_meta_data":{"post_id":"8535","title":null,"description":null,"keywords":null,"keyphrases":null,"primary_term":null,"canonical_url":null,"og_title":null,"og_description":null,"og_object_type":"default","og_image_type":"default","og_image_url":null,"og_image_width":null,"og_image_height":null,"og_image_custom_url":null,"og_image_custom_fields":null,"og_video":null,"og_custom_url":null,"og_article_section":null,"og_article_tags":null,"twitter_use_og":false,"twitter_card":"default","twitter_image_type":"default","twitter_image_url":null,"twitter_image_custom_url":null,"twitter_image_custom_fields":null,"twitter_title":null,"twitter_description":null,"schema":{"blockGraphs":[],"customGraphs":[],"default":{"data":{"Article":[],"Course":[],"Dataset":[],"FAQPage":[],"Movie":[],"Person":[],"Product":[],"ProductReview":[],"Car":[],"Recipe":[],"Service":[],"SoftwareApplication":[],"WebPage":[]},"graphName":"","isEnabled":true},"graphs":[]},"schema_type":"default","schema_type_options":null,"pillar_content":false,"robots_default":true,"robots_noindex":false,"robots_noarchive":false,"robots_nosnippet":false,"robots_nofollow":false,"robots_noimageindex":false,"robots_noodp":false,"robots_notranslate":false,"robots_max_snippet":null,"robots_max_videopreview":null,"robots_max_imagepreview":"large","priority":null,"frequency":null,"local_seo":null,"limit_modified_date":false,"created":"2024-04-03 08:43:54","updated":"2026-09-03 15:07:19","focus_keyword":null,"additional_keywords":null,"truseo_locale":null,"ai":null,"breadcrumb_settings":null,"seo_analyzer_scan_date":null},"aioseo_breadcrumb":"<div class=\"aioseo-breadcrumbs\"><span class=\"aioseo-breadcrumb\">\n\t\t\t<a href=\"https:\/\/www.spkatarzyna.pl\" title=\"Dom\">Dom<\/a>\n\t\t<\/span><span class=\"aioseo-breadcrumb-separator\">&raquo;<\/span><span class=\"aioseo-breadcrumb\">\n\t\t\t<a href=\"https:\/\/www.spkatarzyna.pl\/index.php\/category\/uncategorized\/\" title=\"Uncategorized\">Uncategorized<\/a>\n\t\t<\/span><span class=\"aioseo-breadcrumb-separator\">&raquo;<\/span><span class=\"aioseo-breadcrumb\">\n\t\t\tSukces uczni\u00f3w w Biegu Sylwestrowym\n\t\t<\/span><\/div>","aioseo_breadcrumb_json":[{"label":"Dom","link":"https:\/\/www.spkatarzyna.pl"},{"label":"Uncategorized","link":"https:\/\/www.spkatarzyna.pl\/index.php\/category\/uncategorized\/"},{"label":"Sukces uczni\u00f3w w Biegu Sylwestrowym","link":"https:\/\/www.spkatarzyna.pl\/index.php\/2024\/01\/03\/sukces-uczniow-w-biegu-sylwestrowym\/"}],"_links":{"self":[{"href":"https:\/\/www.spkatarzyna.pl\/index.php\/wp-json\/wp\/v2\/posts\/8535","targetHints":{"allow":["GET"]}}],"collection":[{"href":"https:\/\/www.spkatarzyna.pl\/index.php\/wp-json\/wp\/v2\/posts"}],"about":[{"href":"https:\/\/www.spkatarzyna.pl\/index.php\/wp-json\/wp\/v2\/types\/post"}],"author":[{"embeddable":true,"href":"https:\/\/www.spkatarzyna.pl\/index.php\/wp-json\/wp\/v2\/users\/6"}],"replies":[{"embeddable":true,"href":"https:\/\/www.spkatarzyna.pl\/index.php\/wp-json\/wp\/v2\/comments?post=8535"}],"version-history":[{"count":4,"href":"https:\/\/www.spkatarzyna.pl\/index.php\/wp-json\/wp\/v2\/posts\/8535\/revisions"}],"predecessor-version":[{"id":8545,"href":"https:\/\/www.spkatarzyna.pl\/index.php\/wp-json\/wp\/v2\/posts\/8535\/revisions\/8545"}],"wp:featuredmedia":[{"embeddable":true,"href":"https:\/\/www.spkatarzyna.pl\/index.php\/wp-json\/wp\/v2\/media\/8536"}],"wp:attachment":[{"href":"https:\/\/www.spkatarzyna.pl\/index.php\/wp-json\/wp\/v2\/media?parent=8535"}],"wp:term":[{"taxonomy":"category","embeddable":true,"href":"https:\/\/www.spkatarzyna.pl\/index.php\/wp-json\/wp\/v2\/categories?post=8535"},{"taxonomy":"post_tag","embeddable":true,"href":"https:\/\/www.spkatarzyna.pl\/index.php\/wp-json\/wp\/v2\/tags?post=8535"}],"curies":[{"name":"wp","href":"https:\/\/api.w.org\/{rel}","templated":true}]}}